{"id":15628,"date":"2025-12-15T09:00:00","date_gmt":"2025-12-15T08:00:00","guid":{"rendered":"https:\/\/autocarsbarcelona.es\/?p=15628"},"modified":"2025-03-27T12:51:40","modified_gmt":"2025-03-27T11:51:40","slug":"alquiler-autocares-eventos-especiales-sin-estres","status":"publish","type":"post","link":"https:\/\/autocarsbarcelona.es\/ca\/autocares-para-dmc\/alquiler-autocares-eventos-especiales-sin-estres\/","title":{"rendered":"Alquiler de autocares para eventos especiales: consejos para un transporte sin estr\u00e9s"},"content":{"rendered":"<p>Organizar el transporte en un evento corporativo importante puede ser todo un desaf\u00edo. En <strong>Autocares Bernab\u00e9<\/strong>, sabemos por experiencia propia lo crucial que es coordinar el traslado de decenas o cientos de personas de forma eficiente. Ya se trate de <strong>congresos<\/strong>, <strong>ferias<\/strong> o cualquier otro tipo de <strong>eventos especiales<\/strong> de empresa, una mala planificaci\u00f3n del transporte puede generar estr\u00e9s tanto para los organizadores como para los asistentes. Por eso, desde <strong>nuestro equipo<\/strong> queremos compartir las claves para que el <strong>alquiler de autocares<\/strong> en este tipo de eventos sea sin\u00f3nimo de tranquilidad. Nosotros nos encargamos del camino mientras t\u00fa puedes concentrarte en el \u00e9xito de tu evento.<\/p>\n\n\n\n<h2 class=\"wp-block-heading\">\u00bfPor qu\u00e9 alquilar un autocar para eventos corporativos especiales?<\/h2>\n\n\n\n<p>Optar por un autocar de alquiler para un evento corporativo presenta numerosas ventajas frente a otras alternativas de transporte. Estas son algunas de las razones por las que un autocar es la mejor elecci\u00f3n para <strong>eventos corporativos<\/strong> como congresos y ferias:<\/p>\n\n\n\n<ul class=\"wp-block-list\">\n<li><strong>Traslado puntual<\/strong>: Un autocar dedicado al evento garantiza que todos los participantes lleguen al lugar a la hora prevista. Al viajar juntos, evitamos retrasos causados por quienes puedan perderse, llegar tarde o sufrir contratiempos con sus propios coches. La puntualidad en un evento corporativo es fundamental y con un autocar controlas mejor los tiempos.<\/li>\n\n\n\n<li><strong>Imagen profesional<\/strong>: Recibir a tus invitados o empleados con un autocar moderno y rotulado adecuadamente proyecta una imagen organizada y profesional de tu empresa. Un servicio de transporte bien coordinado demuestra cuidado por los detalles y preocupaci\u00f3n por la comodidad de los asistentes, lo cual mejora la percepci\u00f3n de tu evento.<\/li>\n\n\n\n<li><strong>Comodidad para los asistentes<\/strong>: Viajar en autocar es c\u00f3modo y relajante. Los pasajeros pueden descansar, relacionarse entre s\u00ed o incluso aprovechar el <strong>Wi-Fi<\/strong> a bordo (como el que ofrecemos en nuestra flota) para revisar notas antes de llegar. No tienen que preocuparse por conducir, buscar estacionamiento ni coordinar taxis \u2013 todo est\u00e1 resuelto. Esto les permite disfrutar m\u00e1s de la experiencia global del evento.<\/li>\n\n\n\n<li><strong>Sostenibilidad<\/strong>: El <strong>transporte colectivo<\/strong> en autocar reduce significativamente la huella de carbono del evento. Un solo autocar puede sustituir a decenas de coches particulares, disminuyendo emisiones y contribuyendo a la <strong>sostenibilidad<\/strong> que cada vez m\u00e1s empresas buscan en sus eventos. Adem\u00e1s, nuestras modernas unidades consumen combustible de manera eficiente, ayudando a minimizar el impacto ambiental.<\/li>\n\n\n\n<li><strong>Mejor experiencia para los asistentes<\/strong>: Al trasladarse todos juntos en un mismo veh\u00edculo, se crea un ambiente de convivencia desde el primer minuto. Los asistentes pueden aprovechar el trayecto para hacer networking, romper el hielo o simplemente relajarse juntos antes de llegar. Este inicio coordinado hace que comiencen el evento de buen humor y sin las tensiones de haber lidiado con tr\u00e1fico o navegaci\u00f3n por su cuenta. En definitiva, mejora su satisfacci\u00f3n y recuerda el evento como una experiencia positiva desde el principio hasta el final.<\/li>\n<\/ul>\n\n\n\n<p>Como pod\u00e9is ver, el alquiler de un autocar ofrece beneficios que van desde la <strong>comodidad<\/strong> i la <strong>puntualidad<\/strong> hasta aspectos de <strong>imagen<\/strong> y <strong>responsabilidad ambiental<\/strong>. Ahora bien, para aprovechar al m\u00e1ximo estas ventajas, es importante tener en cuenta algunos consejos clave de organizaci\u00f3n. A continuaci\u00f3n, os contamos c\u00f3mo planificar el transporte en congresos, ferias y eventos corporativos para que todo salga perfecto y sin sobresaltos.<\/p>\n\n\n\n<h2 class=\"wp-block-heading\">Consejos para un transporte sin estr\u00e9s en tu evento<\/h2>\n\n\n\n<p>A lo largo de nuestros m\u00e1s de 30 a\u00f1os organizando traslados para eventos de todo tipo, en Autocares Bernab\u00e9 hemos aprendido qu\u00e9 factores marcan la diferencia. Aqu\u00ed van nuestros <strong>consejos<\/strong> principales para garantizar un <strong>transporte sin estr\u00e9s<\/strong> en tu evento corporativo:<\/p>\n\n\n\n<ol class=\"wp-block-list\">\n<li><strong>Planificaci\u00f3n previa detallada:<\/strong> Recomendamos empezar a planificar el transporte con la mayor antelaci\u00f3n posible. Define el n\u00famero de personas que necesitar\u00e1n traslado, los horarios de inicio y fin del evento, y las rutas de recogida y destino. Una planificaci\u00f3n temprana te permitir\u00e1 reservar con nosotros el n\u00famero adecuado de autocares y conductores, evitando contratiempos de \u00faltima hora. Adem\u00e1s, estudiar con tiempo las rutas (teniendo en cuenta el tr\u00e1fico de la hora y fecha del evento) nos ayuda a calcular la duraci\u00f3n del trayecto y fijar horarios realistas. En Autocares Bernab\u00e9 nos gusta trabajar mano a mano contigo desde el principio, aportando nuestra experiencia para dise\u00f1ar un plan de transporte a medida de tu evento. Cuanto m\u00e1s detallado sea el plan previo, menores ser\u00e1n las sorpresas el d\u00eda de la ejecuci\u00f3n.<\/li>\n\n\n\n<li><strong>Comunicaci\u00f3n con el lugar del evento:<\/strong> Cada recinto \u2013 ya sea un palacio de congresos, un recinto ferial o un hotel \u2013 tiene su propia log\u00edstica de acceso. Es fundamental coordinarse con el <strong>venue<\/strong> (lugar del evento) para conocer d\u00f3nde pueden estacionar los autocares, por qu\u00e9 entrada deben acceder los veh\u00edculos y si hay zonas designadas para la subida y bajada de pasajeros. Habla con los responsables del recinto para reservar una franja horaria de llegada de los autobuses o para que tengan previsto personal que nos facilite el acceso. Nosotros, por nuestra parte, nos comunicaremos tambi\u00e9n con el lugar si es necesario, para asegurarnos de cumplir con sus normativas (por ejemplo, si hay horarios restringidos o necesidad de pases especiales para los autocares). Esta comunicaci\u00f3n fluida garantiza que, cuando el autocar llegue con tus asistentes, todo est\u00e9 preparado: una zona de parada cercana a la entrada, personal del evento esperando y ninguna confusi\u00f3n sobre d\u00f3nde deben dirigirse los pasajeros.<\/li>\n\n\n\n<li><strong>Horarios flexibles y adaptabilidad:<\/strong> En eventos en vivo, sabemos que los tiempos pueden cambiar. Un congreso puede alargarse porque la \u00faltima ponencia se extendi\u00f3, o quiz\u00e1 surja una actividad extra despu\u00e9s de la hora prevista de cierre. Por ello, es importante que el plan de transporte sea <strong>flexible<\/strong>. Acordamos contigo horarios aproximados de recogida y regreso, pero mantenemos la capacidad de adaptarnos si el evento va con retraso o si decid\u00eds hacer una modificaci\u00f3n de \u00faltima hora. Nuestros conductores est\u00e1n habituados a esperar si es necesario y ajustar la hora de salida para no presionar a los asistentes. Te aconsejamos tambi\u00e9n establecer horarios de salida escalonados si tienes muchos participantes o diferentes destinos (por ejemplo, varios hoteles oficiales del congreso), de esta forma evitamos aglomeraciones y cada grupo sale justo cuando lo necesita. La <strong>adaptabilidad<\/strong> en los horarios es clave para que nadie sienta prisas ni estr\u00e9s innecesario.<\/li>\n\n\n\n<li><strong><a href=\"https:\/\/autocarsbarcelona.es\/ca\/\">Elecci\u00f3n del veh\u00edculo adecuado seg\u00fan el tama\u00f1o del grupo<\/a>:<\/strong> Contar con el veh\u00edculo del tama\u00f1o id\u00f3neo es fundamental para la comodidad y eficiencia. Ni un autocar que se quede peque\u00f1o ni uno exageradamente grande vac\u00edo. En Autocares Bernab\u00e9 disponemos de una <strong>flota moderna<\/strong> y variada que incluye microbuses, midibuses y autocares de gran capacidad. Te ayudaremos a elegir el que mejor se adapte al n\u00famero de asistentes de tu evento. Nuestro consejo es siempre calcular bien el n\u00famero de pasajeros y, si dudas, optar por un veh\u00edculo con algunas plazas extra para mayor confort. Por ejemplo, para un grupo reducido de ponentes VIP quiz\u00e1 convenga un minib\u00fas premium, mientras que para trasladar a 100 asistentes a una feria emplearemos dos autocares est\u00e1ndar de 50 plazas cada uno. Tambi\u00e9n ten en cuenta necesidades espec\u00edficas: \u00bfviaja alguien en silla de ruedas o con movilidad reducida? En tal caso, proporcionaremos un autocar adaptado con plataforma elevadora. <strong>Elegir bien el veh\u00edculo<\/strong> evita incomodidades (como gente de pie o asientos vac\u00edos en exceso) y optimiza el coste, adapt\u00e1ndolo exactamente a tu evento.<\/li>\n\n\n\n<li><strong>Se\u00f1alizaci\u00f3n clara y puntos de encuentro identificables:<\/strong> Imagina la salida de un congreso con varios autocares esperando fuera; es vital que tus asistentes sepan f\u00e1cilmente cu\u00e1l es <strong>su autocar<\/strong>. Para evitar confusiones, recomendamos se\u00f1alizar los autocares con antelaci\u00f3n. Podemos colocar un cartel en el parabrisas con el nombre del evento o de la empresa, el n\u00famero de ruta o destino (por ejemplo: \u201cEvento X \u2013 Hotel Centro\u201d o \u201cShuttle Congreso Y \u2013 Recinto Ferial\u201d). Anuncia tambi\u00e9n durante el evento, antes de la salida, d\u00f3nde exactamente estar\u00e1 el autocar esperando (por ejemplo: \u201cLos autocares de regreso al hotel saldr\u00e1n de la puerta principal del auditorio\u201d). En eventos de gran tama\u00f1o, contar con una persona del staff de la organizaci\u00f3n en el punto de encuentro ayuda a agrupar a los asistentes y guiarlos al autob\u00fas correcto. Nuestros conductores, por supuesto, tambi\u00e9n estar\u00e1n pendientes y colaborativos, pero una <strong>buena se\u00f1alizaci\u00f3n<\/strong> y comunicaci\u00f3n evitan que alguien se suba en el autocar equivocado o que tenga que preguntar bajo la lluvia d\u00f3nde est\u00e1 su transporte. Todo esto contribuye a un embarque r\u00e1pido y ordenado, libre de estr\u00e9s.<\/li>\n\n\n\n<li><strong>Atenci\u00f3n personalizada y soporte durante el evento:<\/strong> No est\u00e1s solo en la tarea de coordinar el transporte. Es esencial contar con un <strong>socio de transporte de confianza<\/strong> que ofrezca apoyo antes y durante el evento. En Autocares Bernab\u00e9 asignamos a cada servicio corporativo un coordinador que estar\u00e1 en contacto contigo para cualquier necesidad. Desde antes del d\u00eda del evento, mantenemos una <strong>comunicaci\u00f3n constante<\/strong> para afinar horarios, listar pasajeros si es necesario y atender peticiones especiales (como paradas adicionales, veh\u00edculos VIP, etc.). El d\u00eda del evento, nuestra disponibilidad es total: puedes comunicarte con nosotros en cualquier momento para solucionar imprevistos. Gracias a nuestra <strong>experiencia en log\u00edstica de eventos<\/strong>, anticipamos posibles problemas (tr\u00e1fico denso a ciertas horas, necesidad de rutas alternativas, etc.) y llevamos siempre un plan B. Esta atenci\u00f3n personalizada significa que adaptamos el servicio a las caracter\u00edsticas de tu congreso o feria, dando un trato cercano tanto a ti, como organizador, como a tus invitados. Saber que cuentas con profesionales a tu lado te dar\u00e1 esa tranquilidad extra para enfocarte en los contenidos de tu evento, mientras nosotros nos ocupamos de que todos lleguen a su destino sin contratiempos.<\/li>\n<\/ol>\n\n\n\n<h2 class=\"wp-block-heading\">Autocares Bernab\u00e9: tu aliado para un transporte corporativo impecable<\/h2>\n\n\n\n<p>En Autocares Bernab\u00e9 estamos orgullosos de ser parte del \u00e9xito de muchos eventos corporativos. Nos involucramos en cada proyecto como si fuera nuestro, porque comprendemos la responsabilidad que nos conf\u00edas. <strong>Nuestro compromiso<\/strong> se basa en:<\/p>\n\n\n\n<ul class=\"wp-block-list\">\n<li><strong>Flota moderna y equipada:<\/strong> Disponemos de autocares de \u00faltima generaci\u00f3n, con todas las comodidades necesarias (aire acondicionado, asientos reclinables, iluminaci\u00f3n individual) y extras como <strong>Wi-Fi a bordo<\/strong> para que los desplazamientos sean agradables. Mantenemos nuestros veh\u00edculos en perfecto estado, limpios y listos para ofrecer una experiencia de primera clase.<\/li>\n\n\n\n<li><strong>Puntualidad y profesionalidad:<\/strong> La <strong>puntualidad<\/strong> es nuestra bandera. Nuestros conductores son profesionales experimentados que conocen las rutas y se anticipan al tr\u00e1fico para cumplir con los horarios pactados. Llegaremos al punto de recogida con tiempo suficiente y estaremos esperando a tus asistentes cuando termine el evento. Sabemos que en el mundo empresarial el tiempo es oro, y actuamos en consecuencia.<\/li>\n\n\n\n<li><strong>Experiencia en log\u00edstica de eventos:<\/strong> Con m\u00e1s de tres d\u00e9cadas en el sector del transporte de viajeros, hemos prestado servicio en innumerables <strong>eventos corporativos, congresos y ferias<\/strong>. Esto nos permite asesorarte con conocimiento de causa. Si es la primera vez que organizas un traslado masivo, no te preocupes: nosotros te guiaremos en todo el proceso, aportando ideas y soluciones basadas en experiencias pasadas.<\/li>\n\n\n\n<li><strong>Atenci\u00f3n personalizada:<\/strong> Para nosotros cada cliente y cada evento es \u00fanico. Escuchamos tus necesidades espec\u00edficas y adaptamos nuestro servicio a ellas. \u00bfNecesitas varios puntos de recogida? \u00bfTraslados en distintos d\u00edas? \u00bfVeh\u00edculos decorados con la imagen de tu empresa? Nos ajustamos a lo que imaginas y lo hacemos realidad. Durante el evento, tendr\u00e1s una comunicaci\u00f3n directa con nuestro equipo para cualquier ajuste de \u00faltima hora. Nuestra meta es que sientas que el transporte est\u00e1 bajo control en todo momento, exactamente como lo hab\u00edas planeado.<\/li>\n<\/ul>\n\n\n\n<p><strong>El alquiler de autocares para eventos especiales<\/strong> como congresos o ferias no tiene por qu\u00e9 ser motivo de preocupaci\u00f3n. Con la planificaci\u00f3n adecuada y un proveedor de confianza, el transporte de tu evento fluir\u00e1 a la perfecci\u00f3n. En Autocares Bernab\u00e9, nos apasiona facilitar las cosas a los organizadores: <strong>t\u00fa oc\u00fapate de los contenidos y de tus asistentes, que nosotros nos encargamos de llevarlos donde necesiten, con seguridad y a tiempo<\/strong>.<\/p>\n\n\n\n<p>Esperamos que estos consejos te ayuden a lograr un <strong>transporte sin estr\u00e9s<\/strong> en tu pr\u00f3ximo gran evento. Si necesitas asesoramiento o un presupuesto personalizado, <strong><a href=\"https:\/\/autocarsbarcelona.es\/ca\/contacto\/\">no dudes en contactarnos<\/a><\/strong>. Estaremos encantados de poner nuestra experiencia y nuestra flota a tu servicio para que tu evento corporativo sea un \u00e9xito rotundo de principio a fin. \u00a1Cuenta con nosotros para que el traslado de tus asistentes est\u00e9 en las mejores manos!<\/p>","protected":false},"excerpt":{"rendered":"<p>Organizar el transporte en un evento corporativo importante puede ser todo un desaf\u00edo. En Autocares Bernab\u00e9, sabemos por experiencia propia lo crucial que es coordinar el traslado de decenas o cientos de personas de forma eficiente. Ya se trate de congresos, ferias o cualquier otro tipo de eventos especiales de empresa, una mala planificaci\u00f3n del [&hellip;]<\/p>\n","protected":false},"author":2,"featured_media":15629,"comment_status":"open","ping_status":"open","sticky":false,"template":"","format":"standard","meta":{"footnotes":""},"categories":[154],"tags":[],"class_list":["post-15628","post","type-post","status-publish","format-standard","has-post-thumbnail","hentry","category-autocares-para-dmc"],"yoast_head":"<!-- This site is optimized with the Yoast SEO plugin v27.3 - https:\/\/yoast.com\/product\/yoast-seo-wordpress\/ -->\n<title>Alquiler de autocares para eventos especiales<\/title>\n<meta name=\"description\" content=\"El alquiler de autocares para eventos especiales garantiza un transporte sin estr\u00e9s en congresos y ferias, con puntualidad y comodidad.\" \/>\n<meta name=\"robots\" content=\"index, follow, max-snippet:-1, max-image-preview:large, max-video-preview:-1\" \/>\n<link rel=\"canonical\" href=\"https:\/\/autocarsbarcelona.es\/ca\/autocares-para-dmc\/alquiler-autocares-eventos-especiales-sin-estres\/\" \/>\n<meta property=\"og:locale\" content=\"ca_ES\" \/>\n<meta property=\"og:type\" content=\"article\" \/>\n<meta property=\"og:title\" content=\"Alquiler de autocares para eventos especiales\" \/>\n<meta property=\"og:description\" content=\"El alquiler de autocares para eventos especiales garantiza un transporte sin estr\u00e9s en congresos y ferias, con puntualidad y comodidad.\" \/>\n<meta property=\"og:url\" content=\"https:\/\/autocarsbarcelona.es\/ca\/autocares-para-dmc\/alquiler-autocares-eventos-especiales-sin-estres\/\" \/>\n<meta property=\"og:site_name\" content=\"Autocares Bernab\u00e9 - Alquiler de autocares en Barcelona\" \/>\n<meta property=\"article:publisher\" content=\"https:\/\/www.facebook.com\/autocaresbernabe\" \/>\n<meta property=\"article:published_time\" content=\"2025-12-15T08:00:00+00:00\" \/>\n<meta property=\"og:image\" content=\"https:\/\/autocarsbarcelona.es\/wp-content\/uploads\/2025\/03\/alessio-patron-SwJRuP6q8xg-unsplash-scaled.jpg\" \/>\n\t<meta property=\"og:image:width\" content=\"1876\" \/>\n\t<meta property=\"og:image:height\" content=\"2560\" \/>\n\t<meta property=\"og:image:type\" content=\"image\/jpeg\" \/>\n<meta name=\"author\" content=\"Autocares Bernab\u00e9\" \/>\n<meta name=\"twitter:card\" content=\"summary_large_image\" \/>\n<meta name=\"twitter:creator\" content=\"@AutocarBernabe\" \/>\n<meta name=\"twitter:site\" content=\"@AutocarBernabe\" \/>\n<meta name=\"twitter:label1\" content=\"Escrit per\" \/>\n\t<meta name=\"twitter:data1\" content=\"Autocares Bernab\u00e9\" \/>\n\t<meta name=\"twitter:label2\" content=\"Temps estimat de lectura\" \/>\n\t<meta name=\"twitter:data2\" content=\"10 minuts\" \/>\n<script type=\"application\/ld+json\" class=\"yoast-schema-graph\">{\"@context\":\"https:\\\/\\\/schema.org\",\"@graph\":[{\"@type\":\"Article\",\"@id\":\"https:\\\/\\\/autocarsbarcelona.es\\\/autocares-para-dmc\\\/alquiler-autocares-eventos-especiales-sin-estres\\\/#article\",\"isPartOf\":{\"@id\":\"https:\\\/\\\/autocarsbarcelona.es\\\/autocares-para-dmc\\\/alquiler-autocares-eventos-especiales-sin-estres\\\/\"},\"author\":{\"name\":\"Autocares Bernab\u00e9\",\"@id\":\"https:\\\/\\\/autocarsbarcelona.es\\\/#\\\/schema\\\/person\\\/aa19e0bac2e45a33e1c9974c91669ec3\"},\"headline\":\"Alquiler de autocares para eventos especiales: consejos para un transporte sin estr\u00e9s\",\"datePublished\":\"2025-12-15T08:00:00+00:00\",\"mainEntityOfPage\":{\"@id\":\"https:\\\/\\\/autocarsbarcelona.es\\\/autocares-para-dmc\\\/alquiler-autocares-eventos-especiales-sin-estres\\\/\"},\"wordCount\":2132,\"commentCount\":0,\"publisher\":{\"@id\":\"https:\\\/\\\/autocarsbarcelona.es\\\/#organization\"},\"image\":{\"@id\":\"https:\\\/\\\/autocarsbarcelona.es\\\/autocares-para-dmc\\\/alquiler-autocares-eventos-especiales-sin-estres\\\/#primaryimage\"},\"thumbnailUrl\":\"https:\\\/\\\/autocarsbarcelona.es\\\/wp-content\\\/uploads\\\/2025\\\/03\\\/alessio-patron-SwJRuP6q8xg-unsplash-scaled.jpg\",\"articleSection\":[\"Autocares para DMC\"],\"inLanguage\":\"ca\",\"potentialAction\":[{\"@type\":\"CommentAction\",\"name\":\"Comment\",\"target\":[\"https:\\\/\\\/autocarsbarcelona.es\\\/autocares-para-dmc\\\/alquiler-autocares-eventos-especiales-sin-estres\\\/#respond\"]}]},{\"@type\":\"WebPage\",\"@id\":\"https:\\\/\\\/autocarsbarcelona.es\\\/autocares-para-dmc\\\/alquiler-autocares-eventos-especiales-sin-estres\\\/\",\"url\":\"https:\\\/\\\/autocarsbarcelona.es\\\/autocares-para-dmc\\\/alquiler-autocares-eventos-especiales-sin-estres\\\/\",\"name\":\"Alquiler de autocares para eventos especiales\",\"isPartOf\":{\"@id\":\"https:\\\/\\\/autocarsbarcelona.es\\\/#website\"},\"primaryImageOfPage\":{\"@id\":\"https:\\\/\\\/autocarsbarcelona.es\\\/autocares-para-dmc\\\/alquiler-autocares-eventos-especiales-sin-estres\\\/#primaryimage\"},\"image\":{\"@id\":\"https:\\\/\\\/autocarsbarcelona.es\\\/autocares-para-dmc\\\/alquiler-autocares-eventos-especiales-sin-estres\\\/#primaryimage\"},\"thumbnailUrl\":\"https:\\\/\\\/autocarsbarcelona.es\\\/wp-content\\\/uploads\\\/2025\\\/03\\\/alessio-patron-SwJRuP6q8xg-unsplash-scaled.jpg\",\"datePublished\":\"2025-12-15T08:00:00+00:00\",\"description\":\"El alquiler de autocares para eventos especiales garantiza un transporte sin estr\u00e9s en congresos y ferias, con puntualidad y comodidad.\",\"breadcrumb\":{\"@id\":\"https:\\\/\\\/autocarsbarcelona.es\\\/autocares-para-dmc\\\/alquiler-autocares-eventos-especiales-sin-estres\\\/#breadcrumb\"},\"inLanguage\":\"ca\",\"potentialAction\":[{\"@type\":\"ReadAction\",\"target\":[\"https:\\\/\\\/autocarsbarcelona.es\\\/autocares-para-dmc\\\/alquiler-autocares-eventos-especiales-sin-estres\\\/\"]}]},{\"@type\":\"ImageObject\",\"inLanguage\":\"ca\",\"@id\":\"https:\\\/\\\/autocarsbarcelona.es\\\/autocares-para-dmc\\\/alquiler-autocares-eventos-especiales-sin-estres\\\/#primaryimage\",\"url\":\"https:\\\/\\\/autocarsbarcelona.es\\\/wp-content\\\/uploads\\\/2025\\\/03\\\/alessio-patron-SwJRuP6q8xg-unsplash-scaled.jpg\",\"contentUrl\":\"https:\\\/\\\/autocarsbarcelona.es\\\/wp-content\\\/uploads\\\/2025\\\/03\\\/alessio-patron-SwJRuP6q8xg-unsplash-scaled.jpg\",\"width\":1876,\"height\":2560,\"caption\":\"evento corporativo especial\"},{\"@type\":\"BreadcrumbList\",\"@id\":\"https:\\\/\\\/autocarsbarcelona.es\\\/autocares-para-dmc\\\/alquiler-autocares-eventos-especiales-sin-estres\\\/#breadcrumb\",\"itemListElement\":[{\"@type\":\"ListItem\",\"position\":1,\"name\":\"Portada\",\"item\":\"https:\\\/\\\/autocarsbarcelona.es\\\/\"},{\"@type\":\"ListItem\",\"position\":2,\"name\":\"Alquiler de autocares para eventos especiales: consejos para un transporte sin estr\u00e9s\"}]},{\"@type\":\"WebSite\",\"@id\":\"https:\\\/\\\/autocarsbarcelona.es\\\/#website\",\"url\":\"https:\\\/\\\/autocarsbarcelona.es\\\/\",\"name\":\"Autocares Bernab\u00e9\",\"description\":\"Autocares Bernab\u00e9 Barcelona - Especialistas en alquiler de autocares para transporte escolar\",\"publisher\":{\"@id\":\"https:\\\/\\\/autocarsbarcelona.es\\\/#organization\"},\"potentialAction\":[{\"@type\":\"SearchAction\",\"target\":{\"@type\":\"EntryPoint\",\"urlTemplate\":\"https:\\\/\\\/autocarsbarcelona.es\\\/?s={search_term_string}\"},\"query-input\":{\"@type\":\"PropertyValueSpecification\",\"valueRequired\":true,\"valueName\":\"search_term_string\"}}],\"inLanguage\":\"ca\"},{\"@type\":\"Organization\",\"@id\":\"https:\\\/\\\/autocarsbarcelona.es\\\/#organization\",\"name\":\"Autocares Bernab\u00e9\",\"url\":\"https:\\\/\\\/autocarsbarcelona.es\\\/\",\"logo\":{\"@type\":\"ImageObject\",\"inLanguage\":\"ca\",\"@id\":\"https:\\\/\\\/autocarsbarcelona.es\\\/#\\\/schema\\\/logo\\\/image\\\/\",\"url\":\"https:\\\/\\\/autocarsbarcelona.es\\\/wp-content\\\/uploads\\\/2019\\\/11\\\/logo_bernabe_retina.png\",\"contentUrl\":\"https:\\\/\\\/autocarsbarcelona.es\\\/wp-content\\\/uploads\\\/2019\\\/11\\\/logo_bernabe_retina.png\",\"width\":240,\"height\":70,\"caption\":\"Autocares Bernab\u00e9\"},\"image\":{\"@id\":\"https:\\\/\\\/autocarsbarcelona.es\\\/#\\\/schema\\\/logo\\\/image\\\/\"},\"sameAs\":[\"https:\\\/\\\/www.facebook.com\\\/autocaresbernabe\",\"https:\\\/\\\/x.com\\\/AutocarBernabe\",\"https:\\\/\\\/www.instagram.com\\\/autocaresbernabe\\\/\"]},{\"@type\":\"Person\",\"@id\":\"https:\\\/\\\/autocarsbarcelona.es\\\/#\\\/schema\\\/person\\\/aa19e0bac2e45a33e1c9974c91669ec3\",\"name\":\"Autocares Bernab\u00e9\",\"image\":{\"@type\":\"ImageObject\",\"inLanguage\":\"ca\",\"@id\":\"https:\\\/\\\/secure.gravatar.com\\\/avatar\\\/5e600b355a69b695181594ca8198aac163cea01958e64d58a7c24091e82a4f3f?s=96&d=mm&r=g\",\"url\":\"https:\\\/\\\/secure.gravatar.com\\\/avatar\\\/5e600b355a69b695181594ca8198aac163cea01958e64d58a7c24091e82a4f3f?s=96&d=mm&r=g\",\"contentUrl\":\"https:\\\/\\\/secure.gravatar.com\\\/avatar\\\/5e600b355a69b695181594ca8198aac163cea01958e64d58a7c24091e82a4f3f?s=96&d=mm&r=g\",\"caption\":\"Autocares Bernab\u00e9\"},\"sameAs\":[\"https:\\\/\\\/autocarsbarcelona.es\\\/\"]}]}<\/script>\n<!-- \/ Yoast SEO plugin. -->","yoast_head_json":{"title":"Alquiler de autocares para eventos especiales","description":"El alquiler de autocares para eventos especiales garantiza un transporte sin estr\u00e9s en congresos y ferias, con puntualidad y comodidad.","robots":{"index":"index","follow":"follow","max-snippet":"max-snippet:-1","max-image-preview":"max-image-preview:large","max-video-preview":"max-video-preview:-1"},"canonical":"https:\/\/autocarsbarcelona.es\/ca\/autocares-para-dmc\/alquiler-autocares-eventos-especiales-sin-estres\/","og_locale":"ca_ES","og_type":"article","og_title":"Alquiler de autocares para eventos especiales","og_description":"El alquiler de autocares para eventos especiales garantiza un transporte sin estr\u00e9s en congresos y ferias, con puntualidad y comodidad.","og_url":"https:\/\/autocarsbarcelona.es\/ca\/autocares-para-dmc\/alquiler-autocares-eventos-especiales-sin-estres\/","og_site_name":"Autocares Bernab\u00e9 - Alquiler de autocares en Barcelona","article_publisher":"https:\/\/www.facebook.com\/autocaresbernabe","article_published_time":"2025-12-15T08:00:00+00:00","og_image":[{"width":1876,"height":2560,"url":"https:\/\/autocarsbarcelona.es\/wp-content\/uploads\/2025\/03\/alessio-patron-SwJRuP6q8xg-unsplash-scaled.jpg","type":"image\/jpeg"}],"author":"Autocares Bernab\u00e9","twitter_card":"summary_large_image","twitter_creator":"@AutocarBernabe","twitter_site":"@AutocarBernabe","twitter_misc":{"Escrit per":"Autocares Bernab\u00e9","Temps estimat de lectura":"10 minuts"},"schema":{"@context":"https:\/\/schema.org","@graph":[{"@type":"Article","@id":"https:\/\/autocarsbarcelona.es\/autocares-para-dmc\/alquiler-autocares-eventos-especiales-sin-estres\/#article","isPartOf":{"@id":"https:\/\/autocarsbarcelona.es\/autocares-para-dmc\/alquiler-autocares-eventos-especiales-sin-estres\/"},"author":{"name":"Autocares Bernab\u00e9","@id":"https:\/\/autocarsbarcelona.es\/#\/schema\/person\/aa19e0bac2e45a33e1c9974c91669ec3"},"headline":"Alquiler de autocares para eventos especiales: consejos para un transporte sin estr\u00e9s","datePublished":"2025-12-15T08:00:00+00:00","mainEntityOfPage":{"@id":"https:\/\/autocarsbarcelona.es\/autocares-para-dmc\/alquiler-autocares-eventos-especiales-sin-estres\/"},"wordCount":2132,"commentCount":0,"publisher":{"@id":"https:\/\/autocarsbarcelona.es\/#organization"},"image":{"@id":"https:\/\/autocarsbarcelona.es\/autocares-para-dmc\/alquiler-autocares-eventos-especiales-sin-estres\/#primaryimage"},"thumbnailUrl":"https:\/\/autocarsbarcelona.es\/wp-content\/uploads\/2025\/03\/alessio-patron-SwJRuP6q8xg-unsplash-scaled.jpg","articleSection":["Autocares para DMC"],"inLanguage":"ca","potentialAction":[{"@type":"CommentAction","name":"Comment","target":["https:\/\/autocarsbarcelona.es\/autocares-para-dmc\/alquiler-autocares-eventos-especiales-sin-estres\/#respond"]}]},{"@type":"WebPage","@id":"https:\/\/autocarsbarcelona.es\/autocares-para-dmc\/alquiler-autocares-eventos-especiales-sin-estres\/","url":"https:\/\/autocarsbarcelona.es\/autocares-para-dmc\/alquiler-autocares-eventos-especiales-sin-estres\/","name":"Alquiler de autocares para eventos especiales","isPartOf":{"@id":"https:\/\/autocarsbarcelona.es\/#website"},"primaryImageOfPage":{"@id":"https:\/\/autocarsbarcelona.es\/autocares-para-dmc\/alquiler-autocares-eventos-especiales-sin-estres\/#primaryimage"},"image":{"@id":"https:\/\/autocarsbarcelona.es\/autocares-para-dmc\/alquiler-autocares-eventos-especiales-sin-estres\/#primaryimage"},"thumbnailUrl":"https:\/\/autocarsbarcelona.es\/wp-content\/uploads\/2025\/03\/alessio-patron-SwJRuP6q8xg-unsplash-scaled.jpg","datePublished":"2025-12-15T08:00:00+00:00","description":"El alquiler de autocares para eventos especiales garantiza un transporte sin estr\u00e9s en congresos y ferias, con puntualidad y comodidad.","breadcrumb":{"@id":"https:\/\/autocarsbarcelona.es\/autocares-para-dmc\/alquiler-autocares-eventos-especiales-sin-estres\/#breadcrumb"},"inLanguage":"ca","potentialAction":[{"@type":"ReadAction","target":["https:\/\/autocarsbarcelona.es\/autocares-para-dmc\/alquiler-autocares-eventos-especiales-sin-estres\/"]}]},{"@type":"ImageObject","inLanguage":"ca","@id":"https:\/\/autocarsbarcelona.es\/autocares-para-dmc\/alquiler-autocares-eventos-especiales-sin-estres\/#primaryimage","url":"https:\/\/autocarsbarcelona.es\/wp-content\/uploads\/2025\/03\/alessio-patron-SwJRuP6q8xg-unsplash-scaled.jpg","contentUrl":"https:\/\/autocarsbarcelona.es\/wp-content\/uploads\/2025\/03\/alessio-patron-SwJRuP6q8xg-unsplash-scaled.jpg","width":1876,"height":2560,"caption":"evento corporativo especial"},{"@type":"BreadcrumbList","@id":"https:\/\/autocarsbarcelona.es\/autocares-para-dmc\/alquiler-autocares-eventos-especiales-sin-estres\/#breadcrumb","itemListElement":[{"@type":"ListItem","position":1,"name":"Portada","item":"https:\/\/autocarsbarcelona.es\/"},{"@type":"ListItem","position":2,"name":"Alquiler de autocares para eventos especiales: consejos para un transporte sin estr\u00e9s"}]},{"@type":"WebSite","@id":"https:\/\/autocarsbarcelona.es\/#website","url":"https:\/\/autocarsbarcelona.es\/","name":"Autocares Bernab\u00e9","description":"Autocares Bernab\u00e9 Barcelona - Especialistas en alquiler de autocares para transporte escolar","publisher":{"@id":"https:\/\/autocarsbarcelona.es\/#organization"},"potentialAction":[{"@type":"SearchAction","target":{"@type":"EntryPoint","urlTemplate":"https:\/\/autocarsbarcelona.es\/?s={search_term_string}"},"query-input":{"@type":"PropertyValueSpecification","valueRequired":true,"valueName":"search_term_string"}}],"inLanguage":"ca"},{"@type":"Organization","@id":"https:\/\/autocarsbarcelona.es\/#organization","name":"Autocares Bernab\u00e9","url":"https:\/\/autocarsbarcelona.es\/","logo":{"@type":"ImageObject","inLanguage":"ca","@id":"https:\/\/autocarsbarcelona.es\/#\/schema\/logo\/image\/","url":"https:\/\/autocarsbarcelona.es\/wp-content\/uploads\/2019\/11\/logo_bernabe_retina.png","contentUrl":"https:\/\/autocarsbarcelona.es\/wp-content\/uploads\/2019\/11\/logo_bernabe_retina.png","width":240,"height":70,"caption":"Autocares Bernab\u00e9"},"image":{"@id":"https:\/\/autocarsbarcelona.es\/#\/schema\/logo\/image\/"},"sameAs":["https:\/\/www.facebook.com\/autocaresbernabe","https:\/\/x.com\/AutocarBernabe","https:\/\/www.instagram.com\/autocaresbernabe\/"]},{"@type":"Person","@id":"https:\/\/autocarsbarcelona.es\/#\/schema\/person\/aa19e0bac2e45a33e1c9974c91669ec3","name":"Autocares Bernab\u00e9","image":{"@type":"ImageObject","inLanguage":"ca","@id":"https:\/\/secure.gravatar.com\/avatar\/5e600b355a69b695181594ca8198aac163cea01958e64d58a7c24091e82a4f3f?s=96&d=mm&r=g","url":"https:\/\/secure.gravatar.com\/avatar\/5e600b355a69b695181594ca8198aac163cea01958e64d58a7c24091e82a4f3f?s=96&d=mm&r=g","contentUrl":"https:\/\/secure.gravatar.com\/avatar\/5e600b355a69b695181594ca8198aac163cea01958e64d58a7c24091e82a4f3f?s=96&d=mm&r=g","caption":"Autocares Bernab\u00e9"},"sameAs":["https:\/\/autocarsbarcelona.es\/"]}]}},"jetpack_featured_media_url":"https:\/\/autocarsbarcelona.es\/wp-content\/uploads\/2025\/03\/alessio-patron-SwJRuP6q8xg-unsplash-scaled.jpg","_links":{"self":[{"href":"https:\/\/autocarsbarcelona.es\/ca\/wp-json\/wp\/v2\/posts\/15628","targetHints":{"allow":["GET"]}}],"collection":[{"href":"https:\/\/autocarsbarcelona.es\/ca\/wp-json\/wp\/v2\/posts"}],"about":[{"href":"https:\/\/autocarsbarcelona.es\/ca\/wp-json\/wp\/v2\/types\/post"}],"author":[{"embeddable":true,"href":"https:\/\/autocarsbarcelona.es\/ca\/wp-json\/wp\/v2\/users\/2"}],"replies":[{"embeddable":true,"href":"https:\/\/autocarsbarcelona.es\/ca\/wp-json\/wp\/v2\/comments?post=15628"}],"version-history":[{"count":2,"href":"https:\/\/autocarsbarcelona.es\/ca\/wp-json\/wp\/v2\/posts\/15628\/revisions"}],"predecessor-version":[{"id":15663,"href":"https:\/\/autocarsbarcelona.es\/ca\/wp-json\/wp\/v2\/posts\/15628\/revisions\/15663"}],"wp:featuredmedia":[{"embeddable":true,"href":"https:\/\/autocarsbarcelona.es\/ca\/wp-json\/wp\/v2\/media\/15629"}],"wp:attachment":[{"href":"https:\/\/autocarsbarcelona.es\/ca\/wp-json\/wp\/v2\/media?parent=15628"}],"wp:term":[{"taxonomy":"category","embeddable":true,"href":"https:\/\/autocarsbarcelona.es\/ca\/wp-json\/wp\/v2\/categories?post=15628"},{"taxonomy":"post_tag","embeddable":true,"href":"https:\/\/autocarsbarcelona.es\/ca\/wp-json\/wp\/v2\/tags?post=15628"}],"curies":[{"name":"wp","href":"https:\/\/api.w.org\/{rel}","templated":true}]}}