{"id":15471,"date":"2025-01-27T09:00:00","date_gmt":"2025-01-27T08:00:00","guid":{"rendered":"https:\/\/autocarsbarcelona.es\/?p=15471"},"modified":"2024-04-15T11:46:45","modified_gmt":"2024-04-15T09:46:45","slug":"alquiler-autocar-sabadell-terrassa","status":"publish","type":"post","link":"https:\/\/autocarsbarcelona.es\/ca\/traslados-en-autocar\/alquiler-autocar-sabadell-terrassa\/","title":{"rendered":"Conectando ciudades: la facilidad del alquiler de autocares entre Sabadell y Terrassa"},"content":{"rendered":"<p>En la vida acelerada de hoy, donde cada minuto cuenta, la movilidad y la facilidad de traslado entre ciudades cobran una importancia vital. Nosotros, como habitantes de una regi\u00f3n tan din\u00e1mica como la que se extiende entre Sabadell y Terrassa, sabemos bien que conectar no solo lugares sino tambi\u00e9n personas, historias y negocios, es fundamental. Por eso, queremos hablaros de una soluci\u00f3n que est\u00e1 cambiando la forma en que nos movemos: el alquiler de autocares. Esta alternativa, adem\u00e1s de ser c\u00f3moda y flexible, se presenta como una opci\u00f3n sostenible y a medida para todo tipo de necesidades.<\/p>\n\n\n\n<h2 class=\"wp-block-heading\">La conexi\u00f3n entre Sabadell y Terrassa<\/h2>\n\n\n\n<p>Sabadell y Terrassa, dos ciudades vibrantes de la comarca del Vall\u00e8s Occidental en Catalu\u00f1a, tienen mucho que ofrecer tanto a locales como a visitantes. Desde sus ricas ofertas culturales y arquitect\u00f3nicas hasta sus din\u00e1micos entornos empresariales, pasar de una a otra deber\u00eda ser lo m\u00e1s f\u00e1cil posible. Y aqu\u00ed es donde entra en juego el alquiler de autocares.<\/p>\n\n\n\n<p>La distancia entre Sabadell y Terrassa es corta, apenas unos 20 kil\u00f3metros, pero la diferencia la marca c\u00f3mo vivimos esa distancia. Queremos que sea algo que sume, no que reste a nuestro d\u00eda a d\u00eda. Y ah\u00ed es donde hemos encontrado en el alquiler de autocares un aliado inesperado pero incre\u00edblemente eficaz.<\/p>\n\n\n\n<h2 class=\"wp-block-heading\">\u00bfPor qu\u00e9 alquilar un autocar?<\/h2>\n\n\n\n<h3 class=\"wp-block-heading\">Flexibilidad<\/h3>\n\n\n\n<p>A diferencia de los medios de transporte p\u00fablico, donde los horarios y rutas son fijos, <a href=\"https:\/\/autocarsbarcelona.es\/ca\/autocares-para-dmc\/alquiler-autocares-eventos-corporativos-barcelona\/\">alquilar un autocar nos da la libertad de personalizar nuestro viaje<\/a>. Podemos decidir la hora de salida, el punto exacto de recogida y hasta hacer paradas intermedias si el grupo as\u00ed lo desea. Esta flexibilidad es ideal para eventos especiales, excursiones de grupo, viajes corporativos o incluso para un grupo de amigos que quiere disfrutar de una escapada sin preocupaciones.<\/p>\n\n\n\n<h3 class=\"wp-block-heading\">Comodidad<\/h3>\n\n\n\n<p>Los autocares de hoy no son los de ayer. Equipados con aire acondicionado, asientos reclinables, wifi y hasta puertos de carga, ofrecen una experiencia de viaje que nada tiene que envidiar a otros medios de transporte m\u00e1s tradicionales. La posibilidad de ir todos juntos, charlando, relaj\u00e1ndonos o incluso preparando la reuni\u00f3n a la que nos dirigimos, sin preocuparnos por el tr\u00e1fico o el aparcamiento, convierte al viaje en parte del disfrute.<\/p>\n\n\n\n<h3 class=\"wp-block-heading\">Sostenibilidad<\/h3>\n\n\n\n<p>Viajar en autocar es, adem\u00e1s, una opci\u00f3n m\u00e1s sostenible. Al trasladar a un grupo de personas en un solo veh\u00edculo, reducimos la huella de carbono en comparaci\u00f3n con el uso individual de coches. En estos tiempos en los que todos debemos aportar nuestro grano de arena para proteger el medio ambiente, el alquiler de autocares se presenta como una opci\u00f3n responsable.<\/p>\n\n\n\n<h3 class=\"wp-block-heading\">Rentable<\/h3>\n\n\n\n<p>Cuando se trata de grupos grandes, el alquiler de un autocar puede resultar m\u00e1s econ\u00f3mico que otros medios de transporte. Distribuir el coste entre todos los pasajeros hace que, al final del d\u00eda, el gasto por persona sea bastante razonable, especialmente considerando la comodidad y personalizaci\u00f3n del servicio.<\/p>\n\n\n\n<h2 class=\"wp-block-heading\">C\u00f3mo funciona el alquiler de autocares<\/h2>\n\n\n\n<p>Alquilar un autocar entre Sabadell y Terrassa es un proceso sorprendentemente sencillo, dise\u00f1ado para quitar m\u00e1s preocupaciones de las que a\u00f1ade. Aqu\u00ed os contamos c\u00f3mo lo hacemos nosotros:<\/p>\n\n\n\n<h3 class=\"wp-block-heading\">Paso 1: Define tu necesidad<\/h3>\n\n\n\n<p>Lo primero es tener claro el tipo de viaje que necesitas: n\u00famero de personas, destino(s), horarios, y cualquier requerimiento especial como accesibilidad para personas con movilidad reducida o espacio extra para equipaje. Con esta informaci\u00f3n en mano, podemos comenzar a dar forma a tu viaje ideal.<\/p>\n\n\n\n<h3 class=\"wp-block-heading\">Paso 2: Busca y compara<\/h3>\n\n\n\n<p>Nuestro consejo es que no te quedes con la primera oferta; compara. No solo en precio, sino tambi\u00e9n en servicios adicionales y flexibilidad. Recuerda, estamos buscando la opci\u00f3n que mejor se ajuste a tus necesidades.<\/p>\n\n\n\n<h3 class=\"wp-block-heading\">Paso 3: Reserva y confirma<\/h3>\n\n\n\n<p>Una vez hayas elegido el servicio de autocar que m\u00e1s te conviene, es hora de hacer la reserva. Este paso suele ser tan sencillo como un par de clics o una llamada telef\u00f3nica. Pero aqu\u00ed no termina todo; aseg\u00farate de recibir una confirmaci\u00f3n escrita con todos los detalles del servicio acordado. Esto evitar\u00e1 sorpresas de \u00faltima hora.<\/p>\n\n\n\n<h3 class=\"wp-block-heading\">Paso 4: Disfruta del viaje<\/h3>\n\n\n\n<p>\u00a1Y eso es todo! Una vez llegue el d\u00eda, solo tienes que preocuparte de disfrutar del viaje. La flexibilidad y comodidad de viajar en autocar te permitir\u00e1n vivir una experiencia \u00fanica, ya sea por trabajo, ocio o cualquier otro motivo.<\/p>\n\n\n\n<h2 class=\"wp-block-heading\">Consejos para un alquiler exitoso<\/h2>\n\n\n\n<p>Para asegurarte de que todo fluye seg\u00fan lo planeado, aqu\u00ed van algunos consejos basados en nuestra experiencia:<\/p>\n\n\n\n<ul class=\"wp-block-list\">\n<li><strong>Planifica con antelaci\u00f3n<\/strong>: Cuanto m\u00e1s tiempo tengas para organizar tu viaje, m\u00e1s opciones y mejores precios encontrar\u00e1s.<\/li>\n\n\n\n<li><strong>S\u00e9 claro con tus necesidades<\/strong>: Una comunicaci\u00f3n clara desde el inicio asegura que el servicio se ajuste a lo que buscas.<\/li>\n\n\n\n<li><strong>Confirma los detalles<\/strong>: Una semana antes del viaje, vuelve a confirmar los detalles con la empresa de autocares. Mejor prevenir que lamentar.<\/li>\n\n\n\n<li><strong>Prepara un plan B<\/strong>: Aunque raras veces suceden imprevistos, tener un plan alternativo nunca est\u00e1 de m\u00e1s.<\/li>\n<\/ul>\n\n\n\n<h2 class=\"wp-block-heading\">La experiencia nos habla<\/h2>\n\n\n\n<p>Podr\u00edamos contaros mil historias de viajes entre Sabadell y Terrassa que hemos facilitado. Desde excursiones escolares que han permitido a los m\u00e1s j\u00f3venes descubrir la historia y cultura de su regi\u00f3n, hasta eventos corporativos que han fortalecido lazos entre colegas. Cada viaje es una historia, y cada historia es un recuerdo que perdura.<\/p>\n\n\n\n<h2 class=\"wp-block-heading\">Impacto social y cultural del alquiler de autocares<\/h2>\n\n\n\n<p>El alquiler de autocares entre Sabadell y Terrassa no solo facilita la movilidad y la comodidad; tambi\u00e9n tiene un impacto significativo en el \u00e1mbito social y cultural de nuestras comunidades. Estos son algunos de los aspectos m\u00e1s destacados:<\/p>\n\n\n\n<h3 class=\"wp-block-heading\">Fomenta la conexi\u00f3n comunitaria<\/h3>\n\n\n\n<p>Al facilitar el acceso a eventos culturales, deportivos y sociales en ambas ciudades, el alquiler de autocares ayuda a fortalecer los lazos comunitarios. Permite que grupos de diferentes edades y or\u00edgenes compartan experiencias, fomentando as\u00ed un sentido de unidad y pertenencia.<\/p>\n\n\n\n<h3 class=\"wp-block-heading\">Apoya a la econom\u00eda local<\/h3>\n\n\n\n<p>Cada vez que alquilamos un autocar, estamos apoyando a las empresas locales y, por extensi\u00f3n, a la econom\u00eda de nuestra regi\u00f3n. Este tipo de transporte no solo beneficia a las compa\u00f1\u00edas de autocares, sino tambi\u00e9n a los destinos que visitamos, desde restaurantes hasta sitios de inter\u00e9s cultural, pasando por eventos deportivos y festivales.<\/p>\n\n\n\n<h3 class=\"wp-block-heading\">Promueve el turismo interno<\/h3>\n\n\n\n<p>Sabadell y Terrassa tienen mucho que ofrecer, desde su rica historia y patrimonio cultural hasta sus espacios naturales. El alquiler de autocares facilita la exploraci\u00f3n de estas riquezas, promoviendo el turismo interno y el descubrimiento de nuestros propios tesoros ocultos.<\/p>\n\n\n\n<h3 class=\"wp-block-heading\">Contribuye a la educaci\u00f3n<\/h3>\n\n\n\n<p>Las excursiones escolares son una parte esencial del aprendizaje, y el alquiler de autocares juega un papel crucial en esto. Permite que los estudiantes exploren nuevos entornos, aprendan fuera del aula y experimenten de primera mano la historia, la ciencia y el arte, haciendo que la educaci\u00f3n sea m\u00e1s din\u00e1mica y enriquecedora.<\/p>\n\n\n\n<h2 class=\"wp-block-heading\">Mirando hacia el futuro<\/h2>\n\n\n\n<p>El futuro del alquiler de autocares entre Sabadell y Terrassa se presenta brillante. Con la creciente concienciaci\u00f3n sobre la sostenibilidad y la movilidad inteligente, junto con la constante mejora de los servicios, esperamos ver c\u00f3mo esta opci\u00f3n de transporte se expande y se adapta a las necesidades cambiantes de nuestra sociedad.<\/p>\n\n\n\n<p>Imaginamos un servicio a\u00fan m\u00e1s personalizado, con autocares que no solo sean espacios de tr\u00e1nsito sino tambi\u00e9n de interacci\u00f3n social, aprendizaje y entretenimiento. La tecnolog\u00eda jugar\u00e1 un papel clave, facilitando desde la reserva hasta el propio viaje, y haciendo que la experiencia sea a\u00fan m\u00e1s c\u00f3moda y accesible para todos.<\/p>\n\n\n\n<h2 class=\"wp-block-heading\">Conclusi\u00f3n<\/h2>\n\n\n\n<p>El alquiler de autocares entre Sabadell y Terrassa es m\u00e1s que un simple medio de transporte; es una herramienta que nos permite conectar, explorar y crecer juntos. Ya sea para un viaje escolar, una salida de empresa, o simplemente un grupo de amigos buscando aventuras, el autocar se presenta como una opci\u00f3n flexible, c\u00f3moda y sostenible.<\/p>\n\n\n\n<p>Nosotros seguimos comprometidos con facilitar esos viajes, esas conexiones, esas historias. Porque al final del d\u00eda, lo que realmente importa son las experiencias que compartimos y los recuerdos que creamos juntos.<\/p>","protected":false},"excerpt":{"rendered":"<p>En la vida acelerada de hoy, donde cada minuto cuenta, la movilidad y la facilidad de traslado entre ciudades cobran una importancia vital. Nosotros, como habitantes de una regi\u00f3n tan din\u00e1mica como la que se extiende entre Sabadell y Terrassa, sabemos bien que conectar no solo lugares sino tambi\u00e9n personas, historias y negocios, es fundamental. [&hellip;]<\/p>\n","protected":false},"author":2,"featured_media":14679,"comment_status":"open","ping_status":"open","sticky":false,"template":"","format":"standard","meta":{"footnotes":""},"categories":[153,83],"tags":[],"class_list":["post-15471","post","type-post","status-publish","format-standard","has-post-thumbnail","hentry","category-traslados-en-autocar","category-viajes-en-autocar"],"yoast_head":"<!-- This site is optimized with the Yoast SEO plugin v27.3 - https:\/\/yoast.com\/product\/yoast-seo-wordpress\/ -->\n<title>Alquiler de autocares entre Sabadell y Terrassa<\/title>\n<meta name=\"description\" content=\"Descubre c\u00f3mo el alquiler de autocares entre Sabadell y Terrassa facilita tus viajes grupales con flexibilidad, comodidad y sostenibilidad.\" \/>\n<meta name=\"robots\" content=\"index, follow, max-snippet:-1, max-image-preview:large, max-video-preview:-1\" \/>\n<link rel=\"canonical\" href=\"https:\/\/autocarsbarcelona.es\/ca\/traslados-en-autocar\/alquiler-autocar-sabadell-terrassa\/\" \/>\n<meta property=\"og:locale\" content=\"ca_ES\" \/>\n<meta property=\"og:type\" content=\"article\" \/>\n<meta property=\"og:title\" content=\"Alquiler de autocares entre Sabadell y Terrassa\" \/>\n<meta property=\"og:description\" content=\"Descubre c\u00f3mo el alquiler de autocares entre Sabadell y Terrassa facilita tus viajes grupales con flexibilidad, comodidad y sostenibilidad.\" \/>\n<meta property=\"og:url\" content=\"https:\/\/autocarsbarcelona.es\/ca\/traslados-en-autocar\/alquiler-autocar-sabadell-terrassa\/\" \/>\n<meta property=\"og:site_name\" content=\"Autocares Bernab\u00e9 - Alquiler de autocares en Barcelona\" \/>\n<meta property=\"article:publisher\" content=\"https:\/\/www.facebook.com\/autocaresbernabe\" \/>\n<meta property=\"article:published_time\" content=\"2025-01-27T08:00:00+00:00\" \/>\n<meta property=\"og:image\" content=\"https:\/\/autocarsbarcelona.es\/wp-content\/uploads\/2020\/09\/Autobuses_Bernabe_Web63-1-scaled.jpg\" \/>\n\t<meta property=\"og:image:width\" content=\"2560\" \/>\n\t<meta property=\"og:image:height\" content=\"1440\" \/>\n\t<meta property=\"og:image:type\" content=\"image\/jpeg\" \/>\n<meta name=\"author\" content=\"Autocares Bernab\u00e9\" \/>\n<meta name=\"twitter:card\" content=\"summary_large_image\" \/>\n<meta name=\"twitter:creator\" content=\"@AutocarBernabe\" \/>\n<meta name=\"twitter:site\" content=\"@AutocarBernabe\" \/>\n<meta name=\"twitter:label1\" content=\"Escrit per\" \/>\n\t<meta name=\"twitter:data1\" content=\"Autocares Bernab\u00e9\" \/>\n\t<meta name=\"twitter:label2\" content=\"Temps estimat de lectura\" \/>\n\t<meta name=\"twitter:data2\" content=\"6 minuts\" \/>\n<script type=\"application\/ld+json\" class=\"yoast-schema-graph\">{\"@context\":\"https:\\\/\\\/schema.org\",\"@graph\":[{\"@type\":\"Article\",\"@id\":\"https:\\\/\\\/autocarsbarcelona.es\\\/traslados-en-autocar\\\/alquiler-autocar-sabadell-terrassa\\\/#article\",\"isPartOf\":{\"@id\":\"https:\\\/\\\/autocarsbarcelona.es\\\/traslados-en-autocar\\\/alquiler-autocar-sabadell-terrassa\\\/\"},\"author\":{\"name\":\"Autocares Bernab\u00e9\",\"@id\":\"https:\\\/\\\/autocarsbarcelona.es\\\/#\\\/schema\\\/person\\\/aa19e0bac2e45a33e1c9974c91669ec3\"},\"headline\":\"Conectando ciudades: la facilidad del alquiler de autocares entre Sabadell y Terrassa\",\"datePublished\":\"2025-01-27T08:00:00+00:00\",\"mainEntityOfPage\":{\"@id\":\"https:\\\/\\\/autocarsbarcelona.es\\\/traslados-en-autocar\\\/alquiler-autocar-sabadell-terrassa\\\/\"},\"wordCount\":1409,\"commentCount\":0,\"publisher\":{\"@id\":\"https:\\\/\\\/autocarsbarcelona.es\\\/#organization\"},\"image\":{\"@id\":\"https:\\\/\\\/autocarsbarcelona.es\\\/traslados-en-autocar\\\/alquiler-autocar-sabadell-terrassa\\\/#primaryimage\"},\"thumbnailUrl\":\"https:\\\/\\\/autocarsbarcelona.es\\\/wp-content\\\/uploads\\\/2020\\\/09\\\/Autobuses_Bernabe_Web63-1-scaled.jpg\",\"articleSection\":[\"Traslados en autocar\",\"Viajes en autocar\"],\"inLanguage\":\"ca\",\"potentialAction\":[{\"@type\":\"CommentAction\",\"name\":\"Comment\",\"target\":[\"https:\\\/\\\/autocarsbarcelona.es\\\/traslados-en-autocar\\\/alquiler-autocar-sabadell-terrassa\\\/#respond\"]}]},{\"@type\":\"WebPage\",\"@id\":\"https:\\\/\\\/autocarsbarcelona.es\\\/traslados-en-autocar\\\/alquiler-autocar-sabadell-terrassa\\\/\",\"url\":\"https:\\\/\\\/autocarsbarcelona.es\\\/traslados-en-autocar\\\/alquiler-autocar-sabadell-terrassa\\\/\",\"name\":\"Alquiler de autocares entre Sabadell y Terrassa\",\"isPartOf\":{\"@id\":\"https:\\\/\\\/autocarsbarcelona.es\\\/#website\"},\"primaryImageOfPage\":{\"@id\":\"https:\\\/\\\/autocarsbarcelona.es\\\/traslados-en-autocar\\\/alquiler-autocar-sabadell-terrassa\\\/#primaryimage\"},\"image\":{\"@id\":\"https:\\\/\\\/autocarsbarcelona.es\\\/traslados-en-autocar\\\/alquiler-autocar-sabadell-terrassa\\\/#primaryimage\"},\"thumbnailUrl\":\"https:\\\/\\\/autocarsbarcelona.es\\\/wp-content\\\/uploads\\\/2020\\\/09\\\/Autobuses_Bernabe_Web63-1-scaled.jpg\",\"datePublished\":\"2025-01-27T08:00:00+00:00\",\"description\":\"Descubre c\u00f3mo el alquiler de autocares entre Sabadell y Terrassa facilita tus viajes grupales con flexibilidad, comodidad y sostenibilidad.\",\"breadcrumb\":{\"@id\":\"https:\\\/\\\/autocarsbarcelona.es\\\/traslados-en-autocar\\\/alquiler-autocar-sabadell-terrassa\\\/#breadcrumb\"},\"inLanguage\":\"ca\",\"potentialAction\":[{\"@type\":\"ReadAction\",\"target\":[\"https:\\\/\\\/autocarsbarcelona.es\\\/traslados-en-autocar\\\/alquiler-autocar-sabadell-terrassa\\\/\"]}]},{\"@type\":\"ImageObject\",\"inLanguage\":\"ca\",\"@id\":\"https:\\\/\\\/autocarsbarcelona.es\\\/traslados-en-autocar\\\/alquiler-autocar-sabadell-terrassa\\\/#primaryimage\",\"url\":\"https:\\\/\\\/autocarsbarcelona.es\\\/wp-content\\\/uploads\\\/2020\\\/09\\\/Autobuses_Bernabe_Web63-1-scaled.jpg\",\"contentUrl\":\"https:\\\/\\\/autocarsbarcelona.es\\\/wp-content\\\/uploads\\\/2020\\\/09\\\/Autobuses_Bernabe_Web63-1-scaled.jpg\",\"width\":2560,\"height\":1440},{\"@type\":\"BreadcrumbList\",\"@id\":\"https:\\\/\\\/autocarsbarcelona.es\\\/traslados-en-autocar\\\/alquiler-autocar-sabadell-terrassa\\\/#breadcrumb\",\"itemListElement\":[{\"@type\":\"ListItem\",\"position\":1,\"name\":\"Portada\",\"item\":\"https:\\\/\\\/autocarsbarcelona.es\\\/\"},{\"@type\":\"ListItem\",\"position\":2,\"name\":\"Conectando ciudades: la facilidad del alquiler de autocares entre Sabadell y Terrassa\"}]},{\"@type\":\"WebSite\",\"@id\":\"https:\\\/\\\/autocarsbarcelona.es\\\/#website\",\"url\":\"https:\\\/\\\/autocarsbarcelona.es\\\/\",\"name\":\"Autocares Bernab\u00e9\",\"description\":\"Autocares Bernab\u00e9 Barcelona - Especialistas en alquiler de autocares para transporte escolar\",\"publisher\":{\"@id\":\"https:\\\/\\\/autocarsbarcelona.es\\\/#organization\"},\"potentialAction\":[{\"@type\":\"SearchAction\",\"target\":{\"@type\":\"EntryPoint\",\"urlTemplate\":\"https:\\\/\\\/autocarsbarcelona.es\\\/?s={search_term_string}\"},\"query-input\":{\"@type\":\"PropertyValueSpecification\",\"valueRequired\":true,\"valueName\":\"search_term_string\"}}],\"inLanguage\":\"ca\"},{\"@type\":\"Organization\",\"@id\":\"https:\\\/\\\/autocarsbarcelona.es\\\/#organization\",\"name\":\"Autocares Bernab\u00e9\",\"url\":\"https:\\\/\\\/autocarsbarcelona.es\\\/\",\"logo\":{\"@type\":\"ImageObject\",\"inLanguage\":\"ca\",\"@id\":\"https:\\\/\\\/autocarsbarcelona.es\\\/#\\\/schema\\\/logo\\\/image\\\/\",\"url\":\"https:\\\/\\\/autocarsbarcelona.es\\\/wp-content\\\/uploads\\\/2019\\\/11\\\/logo_bernabe_retina.png\",\"contentUrl\":\"https:\\\/\\\/autocarsbarcelona.es\\\/wp-content\\\/uploads\\\/2019\\\/11\\\/logo_bernabe_retina.png\",\"width\":240,\"height\":70,\"caption\":\"Autocares Bernab\u00e9\"},\"image\":{\"@id\":\"https:\\\/\\\/autocarsbarcelona.es\\\/#\\\/schema\\\/logo\\\/image\\\/\"},\"sameAs\":[\"https:\\\/\\\/www.facebook.com\\\/autocaresbernabe\",\"https:\\\/\\\/x.com\\\/AutocarBernabe\",\"https:\\\/\\\/www.instagram.com\\\/autocaresbernabe\\\/\"]},{\"@type\":\"Person\",\"@id\":\"https:\\\/\\\/autocarsbarcelona.es\\\/#\\\/schema\\\/person\\\/aa19e0bac2e45a33e1c9974c91669ec3\",\"name\":\"Autocares Bernab\u00e9\",\"image\":{\"@type\":\"ImageObject\",\"inLanguage\":\"ca\",\"@id\":\"https:\\\/\\\/secure.gravatar.com\\\/avatar\\\/5e600b355a69b695181594ca8198aac163cea01958e64d58a7c24091e82a4f3f?s=96&d=mm&r=g\",\"url\":\"https:\\\/\\\/secure.gravatar.com\\\/avatar\\\/5e600b355a69b695181594ca8198aac163cea01958e64d58a7c24091e82a4f3f?s=96&d=mm&r=g\",\"contentUrl\":\"https:\\\/\\\/secure.gravatar.com\\\/avatar\\\/5e600b355a69b695181594ca8198aac163cea01958e64d58a7c24091e82a4f3f?s=96&d=mm&r=g\",\"caption\":\"Autocares Bernab\u00e9\"},\"sameAs\":[\"https:\\\/\\\/autocarsbarcelona.es\\\/\"]}]}<\/script>\n<!-- \/ Yoast SEO plugin. -->","yoast_head_json":{"title":"Alquiler de autocares entre Sabadell y Terrassa","description":"Descubre c\u00f3mo el alquiler de autocares entre Sabadell y Terrassa facilita tus viajes grupales con flexibilidad, comodidad y sostenibilidad.","robots":{"index":"index","follow":"follow","max-snippet":"max-snippet:-1","max-image-preview":"max-image-preview:large","max-video-preview":"max-video-preview:-1"},"canonical":"https:\/\/autocarsbarcelona.es\/ca\/traslados-en-autocar\/alquiler-autocar-sabadell-terrassa\/","og_locale":"ca_ES","og_type":"article","og_title":"Alquiler de autocares entre Sabadell y Terrassa","og_description":"Descubre c\u00f3mo el alquiler de autocares entre Sabadell y Terrassa facilita tus viajes grupales con flexibilidad, comodidad y sostenibilidad.","og_url":"https:\/\/autocarsbarcelona.es\/ca\/traslados-en-autocar\/alquiler-autocar-sabadell-terrassa\/","og_site_name":"Autocares Bernab\u00e9 - Alquiler de autocares en Barcelona","article_publisher":"https:\/\/www.facebook.com\/autocaresbernabe","article_published_time":"2025-01-27T08:00:00+00:00","og_image":[{"width":2560,"height":1440,"url":"https:\/\/autocarsbarcelona.es\/wp-content\/uploads\/2020\/09\/Autobuses_Bernabe_Web63-1-scaled.jpg","type":"image\/jpeg"}],"author":"Autocares Bernab\u00e9","twitter_card":"summary_large_image","twitter_creator":"@AutocarBernabe","twitter_site":"@AutocarBernabe","twitter_misc":{"Escrit per":"Autocares Bernab\u00e9","Temps estimat de lectura":"6 minuts"},"schema":{"@context":"https:\/\/schema.org","@graph":[{"@type":"Article","@id":"https:\/\/autocarsbarcelona.es\/traslados-en-autocar\/alquiler-autocar-sabadell-terrassa\/#article","isPartOf":{"@id":"https:\/\/autocarsbarcelona.es\/traslados-en-autocar\/alquiler-autocar-sabadell-terrassa\/"},"author":{"name":"Autocares Bernab\u00e9","@id":"https:\/\/autocarsbarcelona.es\/#\/schema\/person\/aa19e0bac2e45a33e1c9974c91669ec3"},"headline":"Conectando ciudades: la facilidad del alquiler de autocares entre Sabadell y Terrassa","datePublished":"2025-01-27T08:00:00+00:00","mainEntityOfPage":{"@id":"https:\/\/autocarsbarcelona.es\/traslados-en-autocar\/alquiler-autocar-sabadell-terrassa\/"},"wordCount":1409,"commentCount":0,"publisher":{"@id":"https:\/\/autocarsbarcelona.es\/#organization"},"image":{"@id":"https:\/\/autocarsbarcelona.es\/traslados-en-autocar\/alquiler-autocar-sabadell-terrassa\/#primaryimage"},"thumbnailUrl":"https:\/\/autocarsbarcelona.es\/wp-content\/uploads\/2020\/09\/Autobuses_Bernabe_Web63-1-scaled.jpg","articleSection":["Traslados en autocar","Viajes en autocar"],"inLanguage":"ca","potentialAction":[{"@type":"CommentAction","name":"Comment","target":["https:\/\/autocarsbarcelona.es\/traslados-en-autocar\/alquiler-autocar-sabadell-terrassa\/#respond"]}]},{"@type":"WebPage","@id":"https:\/\/autocarsbarcelona.es\/traslados-en-autocar\/alquiler-autocar-sabadell-terrassa\/","url":"https:\/\/autocarsbarcelona.es\/traslados-en-autocar\/alquiler-autocar-sabadell-terrassa\/","name":"Alquiler de autocares entre Sabadell y Terrassa","isPartOf":{"@id":"https:\/\/autocarsbarcelona.es\/#website"},"primaryImageOfPage":{"@id":"https:\/\/autocarsbarcelona.es\/traslados-en-autocar\/alquiler-autocar-sabadell-terrassa\/#primaryimage"},"image":{"@id":"https:\/\/autocarsbarcelona.es\/traslados-en-autocar\/alquiler-autocar-sabadell-terrassa\/#primaryimage"},"thumbnailUrl":"https:\/\/autocarsbarcelona.es\/wp-content\/uploads\/2020\/09\/Autobuses_Bernabe_Web63-1-scaled.jpg","datePublished":"2025-01-27T08:00:00+00:00","description":"Descubre c\u00f3mo el alquiler de autocares entre Sabadell y Terrassa facilita tus viajes grupales con flexibilidad, comodidad y sostenibilidad.","breadcrumb":{"@id":"https:\/\/autocarsbarcelona.es\/traslados-en-autocar\/alquiler-autocar-sabadell-terrassa\/#breadcrumb"},"inLanguage":"ca","potentialAction":[{"@type":"ReadAction","target":["https:\/\/autocarsbarcelona.es\/traslados-en-autocar\/alquiler-autocar-sabadell-terrassa\/"]}]},{"@type":"ImageObject","inLanguage":"ca","@id":"https:\/\/autocarsbarcelona.es\/traslados-en-autocar\/alquiler-autocar-sabadell-terrassa\/#primaryimage","url":"https:\/\/autocarsbarcelona.es\/wp-content\/uploads\/2020\/09\/Autobuses_Bernabe_Web63-1-scaled.jpg","contentUrl":"https:\/\/autocarsbarcelona.es\/wp-content\/uploads\/2020\/09\/Autobuses_Bernabe_Web63-1-scaled.jpg","width":2560,"height":1440},{"@type":"BreadcrumbList","@id":"https:\/\/autocarsbarcelona.es\/traslados-en-autocar\/alquiler-autocar-sabadell-terrassa\/#breadcrumb","itemListElement":[{"@type":"ListItem","position":1,"name":"Portada","item":"https:\/\/autocarsbarcelona.es\/"},{"@type":"ListItem","position":2,"name":"Conectando ciudades: la facilidad del alquiler de autocares entre Sabadell y Terrassa"}]},{"@type":"WebSite","@id":"https:\/\/autocarsbarcelona.es\/#website","url":"https:\/\/autocarsbarcelona.es\/","name":"Autocares Bernab\u00e9","description":"Autocares Bernab\u00e9 Barcelona - Especialistas en alquiler de autocares para transporte escolar","publisher":{"@id":"https:\/\/autocarsbarcelona.es\/#organization"},"potentialAction":[{"@type":"SearchAction","target":{"@type":"EntryPoint","urlTemplate":"https:\/\/autocarsbarcelona.es\/?s={search_term_string}"},"query-input":{"@type":"PropertyValueSpecification","valueRequired":true,"valueName":"search_term_string"}}],"inLanguage":"ca"},{"@type":"Organization","@id":"https:\/\/autocarsbarcelona.es\/#organization","name":"Autocares Bernab\u00e9","url":"https:\/\/autocarsbarcelona.es\/","logo":{"@type":"ImageObject","inLanguage":"ca","@id":"https:\/\/autocarsbarcelona.es\/#\/schema\/logo\/image\/","url":"https:\/\/autocarsbarcelona.es\/wp-content\/uploads\/2019\/11\/logo_bernabe_retina.png","contentUrl":"https:\/\/autocarsbarcelona.es\/wp-content\/uploads\/2019\/11\/logo_bernabe_retina.png","width":240,"height":70,"caption":"Autocares Bernab\u00e9"},"image":{"@id":"https:\/\/autocarsbarcelona.es\/#\/schema\/logo\/image\/"},"sameAs":["https:\/\/www.facebook.com\/autocaresbernabe","https:\/\/x.com\/AutocarBernabe","https:\/\/www.instagram.com\/autocaresbernabe\/"]},{"@type":"Person","@id":"https:\/\/autocarsbarcelona.es\/#\/schema\/person\/aa19e0bac2e45a33e1c9974c91669ec3","name":"Autocares Bernab\u00e9","image":{"@type":"ImageObject","inLanguage":"ca","@id":"https:\/\/secure.gravatar.com\/avatar\/5e600b355a69b695181594ca8198aac163cea01958e64d58a7c24091e82a4f3f?s=96&d=mm&r=g","url":"https:\/\/secure.gravatar.com\/avatar\/5e600b355a69b695181594ca8198aac163cea01958e64d58a7c24091e82a4f3f?s=96&d=mm&r=g","contentUrl":"https:\/\/secure.gravatar.com\/avatar\/5e600b355a69b695181594ca8198aac163cea01958e64d58a7c24091e82a4f3f?s=96&d=mm&r=g","caption":"Autocares Bernab\u00e9"},"sameAs":["https:\/\/autocarsbarcelona.es\/"]}]}},"jetpack_featured_media_url":"https:\/\/autocarsbarcelona.es\/wp-content\/uploads\/2020\/09\/Autobuses_Bernabe_Web63-1-scaled.jpg","_links":{"self":[{"href":"https:\/\/autocarsbarcelona.es\/ca\/wp-json\/wp\/v2\/posts\/15471","targetHints":{"allow":["GET"]}}],"collection":[{"href":"https:\/\/autocarsbarcelona.es\/ca\/wp-json\/wp\/v2\/posts"}],"about":[{"href":"https:\/\/autocarsbarcelona.es\/ca\/wp-json\/wp\/v2\/types\/post"}],"author":[{"embeddable":true,"href":"https:\/\/autocarsbarcelona.es\/ca\/wp-json\/wp\/v2\/users\/2"}],"replies":[{"embeddable":true,"href":"https:\/\/autocarsbarcelona.es\/ca\/wp-json\/wp\/v2\/comments?post=15471"}],"version-history":[{"count":2,"href":"https:\/\/autocarsbarcelona.es\/ca\/wp-json\/wp\/v2\/posts\/15471\/revisions"}],"predecessor-version":[{"id":15515,"href":"https:\/\/autocarsbarcelona.es\/ca\/wp-json\/wp\/v2\/posts\/15471\/revisions\/15515"}],"wp:featuredmedia":[{"embeddable":true,"href":"https:\/\/autocarsbarcelona.es\/ca\/wp-json\/wp\/v2\/media\/14679"}],"wp:attachment":[{"href":"https:\/\/autocarsbarcelona.es\/ca\/wp-json\/wp\/v2\/media?parent=15471"}],"wp:term":[{"taxonomy":"category","embeddable":true,"href":"https:\/\/autocarsbarcelona.es\/ca\/wp-json\/wp\/v2\/categories?post=15471"},{"taxonomy":"post_tag","embeddable":true,"href":"https:\/\/autocarsbarcelona.es\/ca\/wp-json\/wp\/v2\/tags?post=15471"}],"curies":[{"name":"wp","href":"https:\/\/api.w.org\/{rel}","templated":true}]}}