{"id":15435,"date":"2024-05-13T09:00:00","date_gmt":"2024-05-13T07:00:00","guid":{"rendered":"https:\/\/autocarsbarcelona.es\/?p=15435"},"modified":"2024-04-15T09:39:10","modified_gmt":"2024-04-15T07:39:10","slug":"alquiler-autocares-excursiones-escolares-terrassa","status":"publish","type":"post","link":"https:\/\/autocarsbarcelona.es\/ca\/transporte-escolar\/alquiler-autocares-excursiones-escolares-terrassa\/","title":{"rendered":"C\u00f3mo el alquiler de autocares facilita las excursiones escolares en Terrassa"},"content":{"rendered":"<p>Organizar una excursi\u00f3n escolar siempre viene con su cuota de emoci\u00f3n y, admit\u00e1moslo, un poquito de estr\u00e9s. Es esa mezcla de anticipaci\u00f3n por la aventura que aguarda y el peque\u00f1o v\u00e9rtigo por asegurarse de que todo salga seg\u00fan lo planeado. Y aqu\u00ed, en el coraz\u00f3n de Terrassa, hemos encontrado una soluci\u00f3n m\u00e1gica que transforma el caos en calma: el alquiler de autocares.<\/p>\n\n\n\n<h3 class=\"wp-block-heading\">La magia del transporte unificado<\/h3>\n\n\n\n<p>Imag\u00ednate esto: un grupo de estudiantes emocionados, sus mochilas cargadas con bocadillos y c\u00e1maras, listos para explorar. Pero, \u00bfc\u00f3mo los llevamos desde el punto A al punto B, especialmente cuando hablamos de grupos grandes? Ah\u00ed es donde brilla el alquiler de autocares. Esta opci\u00f3n no solo facilita la log\u00edstica sino que a\u00f1ade un elemento de diversi\u00f3n y unidad al viaje. Todos juntos en el mismo veh\u00edculo, compartiendo risas y cantando canciones, la aventura comienza incluso antes de llegar al destino.<\/p>\n\n\n\n<h3 class=\"wp-block-heading\">Seguridad ante todo<\/h3>\n\n\n\n<p>Cuando se trata de excursiones escolares, la seguridad es la prioridad n\u00famero uno. Y los <a href=\"https:\/\/autocarsbarcelona.es\/ca\/transporte-escolar\/excursiones-escolares-granjas\/\">autocares de alquiler en Terrassa<\/a> no se quedan atr\u00e1s en este aspecto. Con conductores experimentados al volante, estos autobuses est\u00e1n equipados con los \u00faltimos avances en seguridad. Esto significa que puedes respirar tranquilo sabiendo que los estudiantes est\u00e1n en buenas manos, desde el momento en que se abrochan los cinturones hasta que regresan, llenos de historias para contar.<\/p>\n\n\n\n<h3 class=\"wp-block-heading\">Una opci\u00f3n ecol\u00f3gica<\/h3>\n\n\n\n<p>En un mundo cada vez m\u00e1s consciente del impacto ambiental, el alquiler de autocares representa una opci\u00f3n verde. Al viajar todos juntos, reducimos la huella de carbono, comparado con el uso de m\u00faltiples veh\u00edculos. Es una manera excelente de ense\u00f1ar a los estudiantes sobre la importancia de tomar decisiones responsables y sostenibles, incluso en algo tan simple como el transporte.<\/p>\n\n\n\n<h3 class=\"wp-block-heading\">Flexibilidad y comodidad<\/h3>\n\n\n\n<p>Los autocares de hoy en d\u00eda vienen con todas las comodidades que podr\u00edas desear: aire acondicionado, asientos reclinables, wifi y, en algunos casos, hasta pantallas individuales. Pero m\u00e1s all\u00e1 del confort f\u00edsico, lo que realmente marca la diferencia es la flexibilidad. \u00bfNecesitas hacer una parada extra para ver ese monumento en el camino? \u00bfO quiz\u00e1s ajustar el horario de regreso? Con el alquiler de autocares, tienes la libertad de personalizar el viaje seg\u00fan tus necesidades, algo imposible de lograr con otros medios de transporte.<\/p>\n\n\n\n<h3 class=\"wp-block-heading\">Fortaleciendo lazos<\/h3>\n\n\n\n<p>Algo m\u00e1gico sucede en esos viajes en autocar: los estudiantes tienen la oportunidad de interactuar fuera del aula, fortaleciendo lazos y creando recuerdos que durar\u00e1n toda la vida. Adem\u00e1s, esta convivencia fomenta el trabajo en equipo y la camarader\u00eda, habilidades esenciales no solo en la escuela, sino en la vida.<\/p>\n\n\n\n<h3 class=\"wp-block-heading\">En conclusi\u00f3n<\/h3>\n\n\n\n<p>El alquiler de autocares en Terrassa es m\u00e1s que un simple medio de transporte; es una puerta a experiencias educativas inolvidables. Facilita la log\u00edstica, garantiza la seguridad, respeta el medio ambiente, ofrece comodidad y flexibilidad, y lo m\u00e1s importante, contribuye a la creaci\u00f3n de v\u00ednculos fuertes entre los estudiantes. As\u00ed que, para la pr\u00f3xima excursi\u00f3n escolar, ya sabes cu\u00e1l es la opci\u00f3n que te llevar\u00e1 lejos, tanto literal como figurativamente.<\/p>\n\n\n\n<h3 class=\"wp-block-heading\">Un vistazo a las joyas de Terrassa: Destinos perfectos para excursiones escolares<\/h3>\n\n\n\n<p>Al hablar de Terrassa y sus alrededores, nos encontramos con un abanico de <a href=\"https:\/\/autocarsbarcelona.es\/ca\/transporte-escolar\/excursiones-escolares-museos-barcelona\/\">destinos fascinantes perfectos para excursiones escolares<\/a>. Desde museos que narran historias del pasado hasta parques naturales que invitan a la aventura al aire libre, hay opciones para todos los gustos. Y aqu\u00ed, el alquiler de autocares juega un papel crucial, facilitando el acceso a estos lugares de aprendizaje vivencial.<\/p>\n\n\n\n<h4 class=\"wp-block-heading\">Parque Natural de Sant Lloren\u00e7 del Munt i l&#8217;Obac<\/h4>\n\n\n\n<p>Una escapada a este parque natural no solo es una inmersi\u00f3n en la belleza de la naturaleza sino tambi\u00e9n una excelente lecci\u00f3n de geolog\u00eda y ecolog\u00eda. A trav\u00e9s de senderos que serpentean entre formaciones rocosas impresionantes y bosques densos, los estudiantes pueden aprender sobre la biodiversidad local y la importancia de la conservaci\u00f3n. Y gracias al alquiler de autocares, organizar esta experiencia educativa se convierte en una tarea sencilla y eficiente.<\/p>\n\n\n\n<h4 class=\"wp-block-heading\"><a href=\"https:\/\/mnactec.cat\/es\" target=\"_blank\" rel=\"noreferrer noopener\">Museo de la Ciencia y de la T\u00e9cnica de Catalu\u00f1a<\/a><\/h4>\n\n\n\n<p>Este museo es una verdadera joya para los curiosos y futuros cient\u00edficos. Con exposiciones que cubren desde la evoluci\u00f3n industrial hasta los avances tecnol\u00f3gicos contempor\u00e1neos, fomenta una comprensi\u00f3n profunda de c\u00f3mo la ciencia y la tecnolog\u00eda han moldeado nuestra sociedad. El acceso en autocar facilita la log\u00edstica, permitiendo que los estudiantes se sumerjan completamente en la experiencia sin preocupaciones adicionales.<\/p>\n\n\n\n<h3 class=\"wp-block-heading\">La importancia de la planificaci\u00f3n<\/h3>\n\n\n\n<p>Para aprovechar al m\u00e1ximo el alquiler de autocares en excursiones escolares, la planificaci\u00f3n juega un papel crucial. Esto implica no solo elegir el destino y reservar el transporte, sino tambi\u00e9n coordinar los horarios, preparar actividades educativas complementarias y asegurarse de que todos los permisos necesarios est\u00e9n en orden. Afortunadamente, muchas empresas de alquiler de autocares ofrecen asesoramiento y apoyo en este proceso, facilitando a los organizadores la tarea de crear una experiencia memorable y educativa para los estudiantes.<\/p>\n\n\n\n<h3 class=\"wp-block-heading\">Testimonios que hablan por s\u00ed solos<\/h3>\n\n\n\n<p>Los testimonios de docentes y estudiantes que han experimentado las excursiones escolares en autocar en Terrassa reflejan la positividad de esta opci\u00f3n. Hablan de viajes sin contratiempos, de la comodidad durante el trayecto y, lo m\u00e1s importante, de las experiencias enriquecedoras que han vivido. Estas historias son un recordatorio poderoso de que, m\u00e1s all\u00e1 de los beneficios pr\u00e1cticos, el valor real del alquiler de autocares radica en los momentos de aprendizaje y diversi\u00f3n que ofrece.<\/p>\n\n\n\n<h3 class=\"wp-block-heading\">Mirando hacia el futuro<\/h3>\n\n\n\n<p>Mientras Terrassa y sus instituciones educativas contin\u00faan explorando formas de enriquecer la experiencia de aprendizaje de los estudiantes, el alquiler de autocares se perfila como una herramienta invaluable. No solo facilita el acceso a destinos educativos sino que tambi\u00e9n promueve una educaci\u00f3n integral, donde el aprendizaje trasciende las aulas y se vive en el mundo real.<\/p>\n\n\n\n<p>En resumen, el alquiler de autocares en Terrassa no es solo una cuesti\u00f3n de conveniencia y log\u00edstica; es una puerta a un mundo de aventuras educativas. Ofrece una oportunidad \u00fanica para explorar, aprender y crecer juntos, fortaleciendo la comunidad escolar y creando recuerdos que perdurar\u00e1n mucho m\u00e1s all\u00e1 de la jornada educativa.<\/p>","protected":false},"excerpt":{"rendered":"<p>Organizar una excursi\u00f3n escolar siempre viene con su cuota de emoci\u00f3n y, admit\u00e1moslo, un poquito de estr\u00e9s. Es esa mezcla de anticipaci\u00f3n por la aventura que aguarda y el peque\u00f1o v\u00e9rtigo por asegurarse de que todo salga seg\u00fan lo planeado. Y aqu\u00ed, en el coraz\u00f3n de Terrassa, hemos encontrado una soluci\u00f3n m\u00e1gica que transforma el [&hellip;]<\/p>\n","protected":false},"author":2,"featured_media":15485,"comment_status":"open","ping_status":"open","sticky":false,"template":"","format":"standard","meta":{"footnotes":""},"categories":[140],"tags":[],"class_list":["post-15435","post","type-post","status-publish","format-standard","has-post-thumbnail","hentry","category-transporte-escolar"],"yoast_head":"<!-- This site is optimized with the Yoast SEO plugin v27.3 - https:\/\/yoast.com\/product\/yoast-seo-wordpress\/ -->\n<title>Alquilar autocares facilita las excursiones escolares en Terrassa<\/title>\n<meta name=\"description\" content=\"Descubre c\u00f3mo el alquiler de autocares transforma las excursiones escolares en Terrassa en aventuras seguras y ecol\u00f3gicas.\" \/>\n<meta name=\"robots\" content=\"index, follow, max-snippet:-1, max-image-preview:large, max-video-preview:-1\" \/>\n<link rel=\"canonical\" href=\"https:\/\/autocarsbarcelona.es\/ca\/transporte-escolar\/alquiler-autocares-excursiones-escolares-terrassa\/\" \/>\n<meta property=\"og:locale\" content=\"ca_ES\" \/>\n<meta property=\"og:type\" content=\"article\" \/>\n<meta property=\"og:title\" content=\"Alquilar autocares facilita las excursiones escolares en Terrassa\" \/>\n<meta property=\"og:description\" content=\"Descubre c\u00f3mo el alquiler de autocares transforma las excursiones escolares en Terrassa en aventuras seguras y ecol\u00f3gicas.\" \/>\n<meta property=\"og:url\" content=\"https:\/\/autocarsbarcelona.es\/ca\/transporte-escolar\/alquiler-autocares-excursiones-escolares-terrassa\/\" \/>\n<meta property=\"og:site_name\" content=\"Autocares Bernab\u00e9 - Alquiler de autocares en Barcelona\" \/>\n<meta property=\"article:publisher\" content=\"https:\/\/www.facebook.com\/autocaresbernabe\" \/>\n<meta property=\"article:published_time\" content=\"2024-05-13T07:00:00+00:00\" \/>\n<meta property=\"og:image\" content=\"https:\/\/autocarsbarcelona.es\/wp-content\/uploads\/2024\/04\/alquiler-autocar-excursiones-escolares-terrassa-1.jpg\" \/>\n\t<meta property=\"og:image:width\" content=\"1500\" \/>\n\t<meta property=\"og:image:height\" content=\"1002\" \/>\n\t<meta property=\"og:image:type\" content=\"image\/jpeg\" \/>\n<meta name=\"author\" content=\"Autocares Bernab\u00e9\" \/>\n<meta name=\"twitter:card\" content=\"summary_large_image\" \/>\n<meta name=\"twitter:creator\" content=\"@AutocarBernabe\" \/>\n<meta name=\"twitter:site\" content=\"@AutocarBernabe\" \/>\n<meta name=\"twitter:label1\" content=\"Escrit per\" \/>\n\t<meta name=\"twitter:data1\" content=\"Autocares Bernab\u00e9\" \/>\n\t<meta name=\"twitter:label2\" content=\"Temps estimat de lectura\" \/>\n\t<meta name=\"twitter:data2\" content=\"5 minuts\" \/>\n<script type=\"application\/ld+json\" class=\"yoast-schema-graph\">{\"@context\":\"https:\\\/\\\/schema.org\",\"@graph\":[{\"@type\":\"Article\",\"@id\":\"https:\\\/\\\/autocarsbarcelona.es\\\/transporte-escolar\\\/alquiler-autocares-excursiones-escolares-terrassa\\\/#article\",\"isPartOf\":{\"@id\":\"https:\\\/\\\/autocarsbarcelona.es\\\/transporte-escolar\\\/alquiler-autocares-excursiones-escolares-terrassa\\\/\"},\"author\":{\"name\":\"Autocares Bernab\u00e9\",\"@id\":\"https:\\\/\\\/autocarsbarcelona.es\\\/#\\\/schema\\\/person\\\/aa19e0bac2e45a33e1c9974c91669ec3\"},\"headline\":\"C\u00f3mo el alquiler de autocares facilita las excursiones escolares en Terrassa\",\"datePublished\":\"2024-05-13T07:00:00+00:00\",\"mainEntityOfPage\":{\"@id\":\"https:\\\/\\\/autocarsbarcelona.es\\\/transporte-escolar\\\/alquiler-autocares-excursiones-escolares-terrassa\\\/\"},\"wordCount\":1093,\"commentCount\":0,\"publisher\":{\"@id\":\"https:\\\/\\\/autocarsbarcelona.es\\\/#organization\"},\"image\":{\"@id\":\"https:\\\/\\\/autocarsbarcelona.es\\\/transporte-escolar\\\/alquiler-autocares-excursiones-escolares-terrassa\\\/#primaryimage\"},\"thumbnailUrl\":\"https:\\\/\\\/autocarsbarcelona.es\\\/wp-content\\\/uploads\\\/2024\\\/04\\\/alquiler-autocar-excursiones-escolares-terrassa-1.jpg\",\"articleSection\":[\"Transporte escolar\"],\"inLanguage\":\"ca\",\"potentialAction\":[{\"@type\":\"CommentAction\",\"name\":\"Comment\",\"target\":[\"https:\\\/\\\/autocarsbarcelona.es\\\/transporte-escolar\\\/alquiler-autocares-excursiones-escolares-terrassa\\\/#respond\"]}]},{\"@type\":\"WebPage\",\"@id\":\"https:\\\/\\\/autocarsbarcelona.es\\\/transporte-escolar\\\/alquiler-autocares-excursiones-escolares-terrassa\\\/\",\"url\":\"https:\\\/\\\/autocarsbarcelona.es\\\/transporte-escolar\\\/alquiler-autocares-excursiones-escolares-terrassa\\\/\",\"name\":\"Alquilar autocares facilita las excursiones escolares en Terrassa\",\"isPartOf\":{\"@id\":\"https:\\\/\\\/autocarsbarcelona.es\\\/#website\"},\"primaryImageOfPage\":{\"@id\":\"https:\\\/\\\/autocarsbarcelona.es\\\/transporte-escolar\\\/alquiler-autocares-excursiones-escolares-terrassa\\\/#primaryimage\"},\"image\":{\"@id\":\"https:\\\/\\\/autocarsbarcelona.es\\\/transporte-escolar\\\/alquiler-autocares-excursiones-escolares-terrassa\\\/#primaryimage\"},\"thumbnailUrl\":\"https:\\\/\\\/autocarsbarcelona.es\\\/wp-content\\\/uploads\\\/2024\\\/04\\\/alquiler-autocar-excursiones-escolares-terrassa-1.jpg\",\"datePublished\":\"2024-05-13T07:00:00+00:00\",\"description\":\"Descubre c\u00f3mo el alquiler de autocares transforma las excursiones escolares en Terrassa en aventuras seguras y ecol\u00f3gicas.\",\"breadcrumb\":{\"@id\":\"https:\\\/\\\/autocarsbarcelona.es\\\/transporte-escolar\\\/alquiler-autocares-excursiones-escolares-terrassa\\\/#breadcrumb\"},\"inLanguage\":\"ca\",\"potentialAction\":[{\"@type\":\"ReadAction\",\"target\":[\"https:\\\/\\\/autocarsbarcelona.es\\\/transporte-escolar\\\/alquiler-autocares-excursiones-escolares-terrassa\\\/\"]}]},{\"@type\":\"ImageObject\",\"inLanguage\":\"ca\",\"@id\":\"https:\\\/\\\/autocarsbarcelona.es\\\/transporte-escolar\\\/alquiler-autocares-excursiones-escolares-terrassa\\\/#primaryimage\",\"url\":\"https:\\\/\\\/autocarsbarcelona.es\\\/wp-content\\\/uploads\\\/2024\\\/04\\\/alquiler-autocar-excursiones-escolares-terrassa-1.jpg\",\"contentUrl\":\"https:\\\/\\\/autocarsbarcelona.es\\\/wp-content\\\/uploads\\\/2024\\\/04\\\/alquiler-autocar-excursiones-escolares-terrassa-1.jpg\",\"width\":1500,\"height\":1002},{\"@type\":\"BreadcrumbList\",\"@id\":\"https:\\\/\\\/autocarsbarcelona.es\\\/transporte-escolar\\\/alquiler-autocares-excursiones-escolares-terrassa\\\/#breadcrumb\",\"itemListElement\":[{\"@type\":\"ListItem\",\"position\":1,\"name\":\"Portada\",\"item\":\"https:\\\/\\\/autocarsbarcelona.es\\\/\"},{\"@type\":\"ListItem\",\"position\":2,\"name\":\"C\u00f3mo el alquiler de autocares facilita las excursiones escolares en Terrassa\"}]},{\"@type\":\"WebSite\",\"@id\":\"https:\\\/\\\/autocarsbarcelona.es\\\/#website\",\"url\":\"https:\\\/\\\/autocarsbarcelona.es\\\/\",\"name\":\"Autocares Bernab\u00e9\",\"description\":\"Autocares Bernab\u00e9 Barcelona - Especialistas en alquiler de autocares para transporte escolar\",\"publisher\":{\"@id\":\"https:\\\/\\\/autocarsbarcelona.es\\\/#organization\"},\"potentialAction\":[{\"@type\":\"SearchAction\",\"target\":{\"@type\":\"EntryPoint\",\"urlTemplate\":\"https:\\\/\\\/autocarsbarcelona.es\\\/?s={search_term_string}\"},\"query-input\":{\"@type\":\"PropertyValueSpecification\",\"valueRequired\":true,\"valueName\":\"search_term_string\"}}],\"inLanguage\":\"ca\"},{\"@type\":\"Organization\",\"@id\":\"https:\\\/\\\/autocarsbarcelona.es\\\/#organization\",\"name\":\"Autocares Bernab\u00e9\",\"url\":\"https:\\\/\\\/autocarsbarcelona.es\\\/\",\"logo\":{\"@type\":\"ImageObject\",\"inLanguage\":\"ca\",\"@id\":\"https:\\\/\\\/autocarsbarcelona.es\\\/#\\\/schema\\\/logo\\\/image\\\/\",\"url\":\"https:\\\/\\\/autocarsbarcelona.es\\\/wp-content\\\/uploads\\\/2019\\\/11\\\/logo_bernabe_retina.png\",\"contentUrl\":\"https:\\\/\\\/autocarsbarcelona.es\\\/wp-content\\\/uploads\\\/2019\\\/11\\\/logo_bernabe_retina.png\",\"width\":240,\"height\":70,\"caption\":\"Autocares Bernab\u00e9\"},\"image\":{\"@id\":\"https:\\\/\\\/autocarsbarcelona.es\\\/#\\\/schema\\\/logo\\\/image\\\/\"},\"sameAs\":[\"https:\\\/\\\/www.facebook.com\\\/autocaresbernabe\",\"https:\\\/\\\/x.com\\\/AutocarBernabe\",\"https:\\\/\\\/www.instagram.com\\\/autocaresbernabe\\\/\"]},{\"@type\":\"Person\",\"@id\":\"https:\\\/\\\/autocarsbarcelona.es\\\/#\\\/schema\\\/person\\\/aa19e0bac2e45a33e1c9974c91669ec3\",\"name\":\"Autocares Bernab\u00e9\",\"image\":{\"@type\":\"ImageObject\",\"inLanguage\":\"ca\",\"@id\":\"https:\\\/\\\/secure.gravatar.com\\\/avatar\\\/5e600b355a69b695181594ca8198aac163cea01958e64d58a7c24091e82a4f3f?s=96&d=mm&r=g\",\"url\":\"https:\\\/\\\/secure.gravatar.com\\\/avatar\\\/5e600b355a69b695181594ca8198aac163cea01958e64d58a7c24091e82a4f3f?s=96&d=mm&r=g\",\"contentUrl\":\"https:\\\/\\\/secure.gravatar.com\\\/avatar\\\/5e600b355a69b695181594ca8198aac163cea01958e64d58a7c24091e82a4f3f?s=96&d=mm&r=g\",\"caption\":\"Autocares Bernab\u00e9\"},\"sameAs\":[\"https:\\\/\\\/autocarsbarcelona.es\\\/\"]}]}<\/script>\n<!-- \/ Yoast SEO plugin. -->","yoast_head_json":{"title":"Alquilar autocares facilita las excursiones escolares en Terrassa","description":"Descubre c\u00f3mo el alquiler de autocares transforma las excursiones escolares en Terrassa en aventuras seguras y ecol\u00f3gicas.","robots":{"index":"index","follow":"follow","max-snippet":"max-snippet:-1","max-image-preview":"max-image-preview:large","max-video-preview":"max-video-preview:-1"},"canonical":"https:\/\/autocarsbarcelona.es\/ca\/transporte-escolar\/alquiler-autocares-excursiones-escolares-terrassa\/","og_locale":"ca_ES","og_type":"article","og_title":"Alquilar autocares facilita las excursiones escolares en Terrassa","og_description":"Descubre c\u00f3mo el alquiler de autocares transforma las excursiones escolares en Terrassa en aventuras seguras y ecol\u00f3gicas.","og_url":"https:\/\/autocarsbarcelona.es\/ca\/transporte-escolar\/alquiler-autocares-excursiones-escolares-terrassa\/","og_site_name":"Autocares Bernab\u00e9 - Alquiler de autocares en Barcelona","article_publisher":"https:\/\/www.facebook.com\/autocaresbernabe","article_published_time":"2024-05-13T07:00:00+00:00","og_image":[{"width":1500,"height":1002,"url":"https:\/\/autocarsbarcelona.es\/wp-content\/uploads\/2024\/04\/alquiler-autocar-excursiones-escolares-terrassa-1.jpg","type":"image\/jpeg"}],"author":"Autocares Bernab\u00e9","twitter_card":"summary_large_image","twitter_creator":"@AutocarBernabe","twitter_site":"@AutocarBernabe","twitter_misc":{"Escrit per":"Autocares Bernab\u00e9","Temps estimat de lectura":"5 minuts"},"schema":{"@context":"https:\/\/schema.org","@graph":[{"@type":"Article","@id":"https:\/\/autocarsbarcelona.es\/transporte-escolar\/alquiler-autocares-excursiones-escolares-terrassa\/#article","isPartOf":{"@id":"https:\/\/autocarsbarcelona.es\/transporte-escolar\/alquiler-autocares-excursiones-escolares-terrassa\/"},"author":{"name":"Autocares Bernab\u00e9","@id":"https:\/\/autocarsbarcelona.es\/#\/schema\/person\/aa19e0bac2e45a33e1c9974c91669ec3"},"headline":"C\u00f3mo el alquiler de autocares facilita las excursiones escolares en Terrassa","datePublished":"2024-05-13T07:00:00+00:00","mainEntityOfPage":{"@id":"https:\/\/autocarsbarcelona.es\/transporte-escolar\/alquiler-autocares-excursiones-escolares-terrassa\/"},"wordCount":1093,"commentCount":0,"publisher":{"@id":"https:\/\/autocarsbarcelona.es\/#organization"},"image":{"@id":"https:\/\/autocarsbarcelona.es\/transporte-escolar\/alquiler-autocares-excursiones-escolares-terrassa\/#primaryimage"},"thumbnailUrl":"https:\/\/autocarsbarcelona.es\/wp-content\/uploads\/2024\/04\/alquiler-autocar-excursiones-escolares-terrassa-1.jpg","articleSection":["Transporte escolar"],"inLanguage":"ca","potentialAction":[{"@type":"CommentAction","name":"Comment","target":["https:\/\/autocarsbarcelona.es\/transporte-escolar\/alquiler-autocares-excursiones-escolares-terrassa\/#respond"]}]},{"@type":"WebPage","@id":"https:\/\/autocarsbarcelona.es\/transporte-escolar\/alquiler-autocares-excursiones-escolares-terrassa\/","url":"https:\/\/autocarsbarcelona.es\/transporte-escolar\/alquiler-autocares-excursiones-escolares-terrassa\/","name":"Alquilar autocares facilita las excursiones escolares en Terrassa","isPartOf":{"@id":"https:\/\/autocarsbarcelona.es\/#website"},"primaryImageOfPage":{"@id":"https:\/\/autocarsbarcelona.es\/transporte-escolar\/alquiler-autocares-excursiones-escolares-terrassa\/#primaryimage"},"image":{"@id":"https:\/\/autocarsbarcelona.es\/transporte-escolar\/alquiler-autocares-excursiones-escolares-terrassa\/#primaryimage"},"thumbnailUrl":"https:\/\/autocarsbarcelona.es\/wp-content\/uploads\/2024\/04\/alquiler-autocar-excursiones-escolares-terrassa-1.jpg","datePublished":"2024-05-13T07:00:00+00:00","description":"Descubre c\u00f3mo el alquiler de autocares transforma las excursiones escolares en Terrassa en aventuras seguras y ecol\u00f3gicas.","breadcrumb":{"@id":"https:\/\/autocarsbarcelona.es\/transporte-escolar\/alquiler-autocares-excursiones-escolares-terrassa\/#breadcrumb"},"inLanguage":"ca","potentialAction":[{"@type":"ReadAction","target":["https:\/\/autocarsbarcelona.es\/transporte-escolar\/alquiler-autocares-excursiones-escolares-terrassa\/"]}]},{"@type":"ImageObject","inLanguage":"ca","@id":"https:\/\/autocarsbarcelona.es\/transporte-escolar\/alquiler-autocares-excursiones-escolares-terrassa\/#primaryimage","url":"https:\/\/autocarsbarcelona.es\/wp-content\/uploads\/2024\/04\/alquiler-autocar-excursiones-escolares-terrassa-1.jpg","contentUrl":"https:\/\/autocarsbarcelona.es\/wp-content\/uploads\/2024\/04\/alquiler-autocar-excursiones-escolares-terrassa-1.jpg","width":1500,"height":1002},{"@type":"BreadcrumbList","@id":"https:\/\/autocarsbarcelona.es\/transporte-escolar\/alquiler-autocares-excursiones-escolares-terrassa\/#breadcrumb","itemListElement":[{"@type":"ListItem","position":1,"name":"Portada","item":"https:\/\/autocarsbarcelona.es\/"},{"@type":"ListItem","position":2,"name":"C\u00f3mo el alquiler de autocares facilita las excursiones escolares en Terrassa"}]},{"@type":"WebSite","@id":"https:\/\/autocarsbarcelona.es\/#website","url":"https:\/\/autocarsbarcelona.es\/","name":"Autocares Bernab\u00e9","description":"Autocares Bernab\u00e9 Barcelona - Especialistas en alquiler de autocares para transporte escolar","publisher":{"@id":"https:\/\/autocarsbarcelona.es\/#organization"},"potentialAction":[{"@type":"SearchAction","target":{"@type":"EntryPoint","urlTemplate":"https:\/\/autocarsbarcelona.es\/?s={search_term_string}"},"query-input":{"@type":"PropertyValueSpecification","valueRequired":true,"valueName":"search_term_string"}}],"inLanguage":"ca"},{"@type":"Organization","@id":"https:\/\/autocarsbarcelona.es\/#organization","name":"Autocares Bernab\u00e9","url":"https:\/\/autocarsbarcelona.es\/","logo":{"@type":"ImageObject","inLanguage":"ca","@id":"https:\/\/autocarsbarcelona.es\/#\/schema\/logo\/image\/","url":"https:\/\/autocarsbarcelona.es\/wp-content\/uploads\/2019\/11\/logo_bernabe_retina.png","contentUrl":"https:\/\/autocarsbarcelona.es\/wp-content\/uploads\/2019\/11\/logo_bernabe_retina.png","width":240,"height":70,"caption":"Autocares Bernab\u00e9"},"image":{"@id":"https:\/\/autocarsbarcelona.es\/#\/schema\/logo\/image\/"},"sameAs":["https:\/\/www.facebook.com\/autocaresbernabe","https:\/\/x.com\/AutocarBernabe","https:\/\/www.instagram.com\/autocaresbernabe\/"]},{"@type":"Person","@id":"https:\/\/autocarsbarcelona.es\/#\/schema\/person\/aa19e0bac2e45a33e1c9974c91669ec3","name":"Autocares Bernab\u00e9","image":{"@type":"ImageObject","inLanguage":"ca","@id":"https:\/\/secure.gravatar.com\/avatar\/5e600b355a69b695181594ca8198aac163cea01958e64d58a7c24091e82a4f3f?s=96&d=mm&r=g","url":"https:\/\/secure.gravatar.com\/avatar\/5e600b355a69b695181594ca8198aac163cea01958e64d58a7c24091e82a4f3f?s=96&d=mm&r=g","contentUrl":"https:\/\/secure.gravatar.com\/avatar\/5e600b355a69b695181594ca8198aac163cea01958e64d58a7c24091e82a4f3f?s=96&d=mm&r=g","caption":"Autocares Bernab\u00e9"},"sameAs":["https:\/\/autocarsbarcelona.es\/"]}]}},"jetpack_featured_media_url":"https:\/\/autocarsbarcelona.es\/wp-content\/uploads\/2024\/04\/alquiler-autocar-excursiones-escolares-terrassa-1.jpg","_links":{"self":[{"href":"https:\/\/autocarsbarcelona.es\/ca\/wp-json\/wp\/v2\/posts\/15435","targetHints":{"allow":["GET"]}}],"collection":[{"href":"https:\/\/autocarsbarcelona.es\/ca\/wp-json\/wp\/v2\/posts"}],"about":[{"href":"https:\/\/autocarsbarcelona.es\/ca\/wp-json\/wp\/v2\/types\/post"}],"author":[{"embeddable":true,"href":"https:\/\/autocarsbarcelona.es\/ca\/wp-json\/wp\/v2\/users\/2"}],"replies":[{"embeddable":true,"href":"https:\/\/autocarsbarcelona.es\/ca\/wp-json\/wp\/v2\/comments?post=15435"}],"version-history":[{"count":2,"href":"https:\/\/autocarsbarcelona.es\/ca\/wp-json\/wp\/v2\/posts\/15435\/revisions"}],"predecessor-version":[{"id":15484,"href":"https:\/\/autocarsbarcelona.es\/ca\/wp-json\/wp\/v2\/posts\/15435\/revisions\/15484"}],"wp:featuredmedia":[{"embeddable":true,"href":"https:\/\/autocarsbarcelona.es\/ca\/wp-json\/wp\/v2\/media\/15485"}],"wp:attachment":[{"href":"https:\/\/autocarsbarcelona.es\/ca\/wp-json\/wp\/v2\/media?parent=15435"}],"wp:term":[{"taxonomy":"category","embeddable":true,"href":"https:\/\/autocarsbarcelona.es\/ca\/wp-json\/wp\/v2\/categories?post=15435"},{"taxonomy":"post_tag","embeddable":true,"href":"https:\/\/autocarsbarcelona.es\/ca\/wp-json\/wp\/v2\/tags?post=15435"}],"curies":[{"name":"wp","href":"https:\/\/api.w.org\/{rel}","templated":true}]}}