{"id":15252,"date":"2022-09-26T09:39:00","date_gmt":"2022-09-26T07:39:00","guid":{"rendered":"https:\/\/autocarsbarcelona.es\/?p=15252"},"modified":"2022-08-03T09:40:00","modified_gmt":"2022-08-03T07:40:00","slug":"factores-tener-cuenta-alquilar-autocar","status":"publish","type":"post","link":"https:\/\/autocarsbarcelona.es\/ca\/viajes-en-autocar\/factores-tener-cuenta-alquilar-autocar\/","title":{"rendered":"Factores a tener en cuenta antes de alquilar un autocar"},"content":{"rendered":"<p>La opci\u00f3n de alquilar un autocar siempre ha sido una opci\u00f3n muy popular a la hora de elegir modo de transporte para grupos. Independientemente de si se trata de una reuni\u00f3n familiar, como de una excursi\u00f3n escolar o un viaje de empresa, alquilar un autocar te permite llegar c\u00f3modamente a destino.<\/p>\n\n\n\n<p>Alquilar un autocar es una opci\u00f3n c\u00f3moda y pr\u00e1ctica para los viajes en grupo. Los autocares de alquiler son lo suficientemente espaciosos y amplios como para que un grupo grande pueda trasladarse c\u00f3modamente. Los techos altos, el espacio para estirar las piernas y la capacidad de almacenaje para el equipaje son algunas de las caracter\u00edsticas que hacen de los autocares una opci\u00f3n c\u00f3moda para el transporte de viajeros.<\/p>\n\n\n\n<h2 class=\"wp-block-heading\">Qu\u00e9 hay que tener en cuenta antes de alquilar un autocar<\/h2>\n\n\n\n<p>Si est\u00e1s organizando una actividad a la que van a asistir muchos participantes, <a href=\"https:\/\/autocarsbarcelona.es\/ca\/alquiler-autocares-barcelona-grupos\/\">alquilar un autocar para grupos<\/a> es una opci\u00f3n excelente ya que puede transportar a mucha gente en un \u00fanico viaje. Sin embargo, como cualquier otra decisi\u00f3n, antes de alquilar un autocar hay que tener varios factores en cuenta:<\/p>\n\n\n\n<h3 class=\"wp-block-heading\">La ruta del autocar<\/h3>\n\n\n\n<p>Algunas rutas no son aptas para los autocares. Antes de reservar el tuyo, debes asegurarte de que todas las carreteras que llevan a tu destino son lo suficientemente anchas como para que quepa el autocar.<\/p>\n\n\n\n<p>Adem\u00e1s, tambi\u00e9n debes asegurarte de que los autocares puedan entrar en la ciudad o la zona de destino. Lo \u00faltimo que queremos es que los viajeros tengan que caminar un buen trecho porque el autocar los ha dejado lejos del destino final.<\/p>\n\n\n\n<figure class=\"wp-block-image size-large\"><img fetchpriority=\"high\" decoding=\"async\" width=\"768\" height=\"1024\" src=\"https:\/\/autocarsbarcelona.es\/wp-content\/uploads\/2020\/10\/Autobuses_Bernabe_Web82-768x1024.jpg\" alt=\"Equipo autocares Bernabe alquiler Barcelona\" class=\"wp-image-14820\"\/><\/figure>\n\n\n\n<h3 class=\"wp-block-heading\">Horario<\/h3>\n\n\n\n<p>Decide si quieres que los pasajeros se re\u00fanan en un punto de recogida concreto o en varios puntos diferentes. Esta informaci\u00f3n se la tendr\u00e1s que comunicar con antelaci\u00f3n a la empresa de alquiler de autocares. Con estos datos, la empresa podr\u00e1 definir el itinerario y calcular correctamente la duraci\u00f3n del viaje en horas para que t\u00fa no tengas que incurrir en gastos derivados de horas extra por una mala planificaci\u00f3n.<\/p>\n\n\n\n<h3 class=\"wp-block-heading\">Passatgers<\/h3>\n\n\n\n<p>A la hora de alquilar un autocar para grupos es importante tener en cuenta el perfil de los pasajeros. \u00bfLa mayor\u00eda son ni\u00f1os? \u00bfTienen alguna discapacidad o necesitan alg\u00fan servicio especial? \u00bfSe puede comer en el autocar? Y, lo m\u00e1s importante, \u00bfde cu\u00e1ntos pasajeros estamos hablando?<\/p>\n\n\n\n<p>Hay autocares de diferentes tama\u00f1os, con diferentes caracter\u00edsticas y motores. Un autocar normal suele tener capacidad para entre 47 y 56 pasajeros, mientras que en los minibuses tan solo caben entre 18 y 32. Si hay ni\u00f1os o personas con discapacidad a bordo, el autocar necesitar\u00e1 elementos de accesibilidad como una rampa o un asiento especial para personas en silla de ruedas.<\/p>\n\n\n\n<p>Todos estos detalles son los que ayudan a garantizar que el viaje sea c\u00f3modo para todo el mundo.<\/p>\n\n\n\n<h3 class=\"wp-block-heading\">Tipos de autocar<\/h3>\n\n\n\n<p>El objetivo del viaje es lo que determina el tipo de autocar que deber\u00edas alquilar. Una visita a una ciudad requerir\u00e1 que el autocar cuente con un micr\u00f3fono, por ejemplo.<\/p>\n\n\n\n<p>Para los viajes largos los autocares deber\u00edan disponer de enchufes y mucho espacio para las maletas, mientras que para un viaje nocturno ser\u00e1 importante que los asientos sean c\u00f3modos y reclinables.<\/p>\n\n\n\n<h3 class=\"wp-block-heading\">Conductores experimentados<\/h3>\n\n\n\n<p>Todas las empresas de alquiler de autocares se esfuerzan por tener una flota de veh\u00edculos con un buen mantenimiento y un personal formado por <a href=\"https:\/\/autocarsbarcelona.es\/ca\/transporte-escolar\/importancia-conductor-autocar-escolar\/\">conductores experimentados<\/a>. A\u00fan as\u00ed, como cliente, tienes derecho a pedir m\u00e1s informaci\u00f3n sobre el conductor, como sus conocimientos de la zona, las normas de tr\u00e1fico que rigen en destino y los a\u00f1os de experiencia que lleva conduciendo en viajes nocturnos, por poner algunos ejemplos.<\/p>\n\n\n\n<h3 class=\"wp-block-heading\">Coste<\/h3>\n\n\n\n<p>El presupuesto siempre es un factor importante a la hora de alquilar un autocar. Valora qu\u00e9 tipo de autocar necesitas y de qu\u00e9 servicios adicionales puedes prescindir (sin dejar de lado la comodidad de los viajeros) para ajustar correctamente el coste de alquilar un autocar a tu presupuesto.<\/p>\n\n\n\n<h3 class=\"wp-block-heading\">Est\u00e1ndares de calidad para los autocares de alquiler<\/h3>\n\n\n\n<p>Encontrar una empresa de alquiler de autocares en Barcelona que ofrezca unos buenos est\u00e1ndares de calidad no tiene por qu\u00e9 ser dif\u00edcil. En Autocares Bernab\u00e9 ofrecemos un servicio que no solo cumple con estos est\u00e1ndares, sino que intenta superarlos continuamente.<\/p>","protected":false},"excerpt":{"rendered":"<p>La opci\u00f3n de alquilar un autocar siempre ha sido una opci\u00f3n muy popular a la hora de elegir modo de transporte para grupos. Independientemente de si se trata de una reuni\u00f3n familiar, como de una excursi\u00f3n escolar o un viaje de empresa, alquilar un autocar te permite llegar c\u00f3modamente a destino. Alquilar un autocar es [&hellip;]<\/p>\n","protected":false},"author":2,"featured_media":14664,"comment_status":"open","ping_status":"open","sticky":false,"template":"","format":"standard","meta":{"footnotes":""},"categories":[83],"tags":[],"class_list":["post-15252","post","type-post","status-publish","format-standard","has-post-thumbnail","hentry","category-viajes-en-autocar"],"yoast_head":"<!-- This site is optimized with the Yoast SEO plugin v27.3 - https:\/\/yoast.com\/product\/yoast-seo-wordpress\/ -->\n<title>Factores a tener en cuenta antes de alquilar un autocar<\/title>\n<meta name=\"description\" content=\"Ya hab\u00e9is decidido alquilar un autocar para vuestro pr\u00f3ximo viaje en grupo, pero, \u00bfqu\u00e9 factores deb\u00e9is tener en cuenta antes de hacerlo?\" \/>\n<meta name=\"robots\" content=\"index, follow, max-snippet:-1, max-image-preview:large, max-video-preview:-1\" \/>\n<link rel=\"canonical\" href=\"https:\/\/autocarsbarcelona.es\/ca\/viajes-en-autocar\/factores-tener-cuenta-alquilar-autocar\/\" \/>\n<meta property=\"og:locale\" content=\"ca_ES\" \/>\n<meta property=\"og:type\" content=\"article\" \/>\n<meta property=\"og:title\" content=\"Factores a tener en cuenta antes de alquilar un autocar\" \/>\n<meta property=\"og:description\" content=\"Ya hab\u00e9is decidido alquilar un autocar para vuestro pr\u00f3ximo viaje en grupo, pero, \u00bfqu\u00e9 factores deb\u00e9is tener en cuenta antes de hacerlo?\" \/>\n<meta property=\"og:url\" content=\"https:\/\/autocarsbarcelona.es\/ca\/viajes-en-autocar\/factores-tener-cuenta-alquilar-autocar\/\" \/>\n<meta property=\"og:site_name\" content=\"Autocares Bernab\u00e9 - Alquiler de autocares en Barcelona\" \/>\n<meta property=\"article:publisher\" content=\"https:\/\/www.facebook.com\/autocaresbernabe\" \/>\n<meta property=\"article:published_time\" content=\"2022-09-26T07:39:00+00:00\" \/>\n<meta property=\"og:image\" content=\"https:\/\/autocarsbarcelona.es\/wp-content\/uploads\/2020\/09\/Autobuses_Bernabe_Web37-1-scaled.jpg\" \/>\n\t<meta property=\"og:image:width\" content=\"2560\" \/>\n\t<meta property=\"og:image:height\" content=\"1440\" \/>\n\t<meta property=\"og:image:type\" content=\"image\/jpeg\" \/>\n<meta name=\"author\" content=\"Autocares Bernab\u00e9\" \/>\n<meta name=\"twitter:card\" content=\"summary_large_image\" \/>\n<meta name=\"twitter:creator\" content=\"@AutocarBernabe\" \/>\n<meta name=\"twitter:site\" content=\"@AutocarBernabe\" \/>\n<meta name=\"twitter:label1\" content=\"Escrit per\" \/>\n\t<meta name=\"twitter:data1\" content=\"Autocares Bernab\u00e9\" \/>\n\t<meta name=\"twitter:label2\" content=\"Temps estimat de lectura\" \/>\n\t<meta name=\"twitter:data2\" content=\"4 minuts\" \/>\n<script type=\"application\/ld+json\" class=\"yoast-schema-graph\">{\"@context\":\"https:\\\/\\\/schema.org\",\"@graph\":[{\"@type\":\"Article\",\"@id\":\"https:\\\/\\\/autocarsbarcelona.es\\\/viajes-en-autocar\\\/factores-tener-cuenta-alquilar-autocar\\\/#article\",\"isPartOf\":{\"@id\":\"https:\\\/\\\/autocarsbarcelona.es\\\/viajes-en-autocar\\\/factores-tener-cuenta-alquilar-autocar\\\/\"},\"author\":{\"name\":\"Autocares Bernab\u00e9\",\"@id\":\"https:\\\/\\\/autocarsbarcelona.es\\\/#\\\/schema\\\/person\\\/aa19e0bac2e45a33e1c9974c91669ec3\"},\"headline\":\"Factores a tener en cuenta antes de alquilar un autocar\",\"datePublished\":\"2022-09-26T07:39:00+00:00\",\"mainEntityOfPage\":{\"@id\":\"https:\\\/\\\/autocarsbarcelona.es\\\/viajes-en-autocar\\\/factores-tener-cuenta-alquilar-autocar\\\/\"},\"wordCount\":743,\"commentCount\":0,\"publisher\":{\"@id\":\"https:\\\/\\\/autocarsbarcelona.es\\\/#organization\"},\"image\":{\"@id\":\"https:\\\/\\\/autocarsbarcelona.es\\\/viajes-en-autocar\\\/factores-tener-cuenta-alquilar-autocar\\\/#primaryimage\"},\"thumbnailUrl\":\"https:\\\/\\\/autocarsbarcelona.es\\\/wp-content\\\/uploads\\\/2020\\\/09\\\/Autobuses_Bernabe_Web37-1-scaled.jpg\",\"articleSection\":[\"Viajes en autocar\"],\"inLanguage\":\"ca\",\"potentialAction\":[{\"@type\":\"CommentAction\",\"name\":\"Comment\",\"target\":[\"https:\\\/\\\/autocarsbarcelona.es\\\/viajes-en-autocar\\\/factores-tener-cuenta-alquilar-autocar\\\/#respond\"]}]},{\"@type\":\"WebPage\",\"@id\":\"https:\\\/\\\/autocarsbarcelona.es\\\/viajes-en-autocar\\\/factores-tener-cuenta-alquilar-autocar\\\/\",\"url\":\"https:\\\/\\\/autocarsbarcelona.es\\\/viajes-en-autocar\\\/factores-tener-cuenta-alquilar-autocar\\\/\",\"name\":\"Factores a tener en cuenta antes de alquilar un autocar\",\"isPartOf\":{\"@id\":\"https:\\\/\\\/autocarsbarcelona.es\\\/#website\"},\"primaryImageOfPage\":{\"@id\":\"https:\\\/\\\/autocarsbarcelona.es\\\/viajes-en-autocar\\\/factores-tener-cuenta-alquilar-autocar\\\/#primaryimage\"},\"image\":{\"@id\":\"https:\\\/\\\/autocarsbarcelona.es\\\/viajes-en-autocar\\\/factores-tener-cuenta-alquilar-autocar\\\/#primaryimage\"},\"thumbnailUrl\":\"https:\\\/\\\/autocarsbarcelona.es\\\/wp-content\\\/uploads\\\/2020\\\/09\\\/Autobuses_Bernabe_Web37-1-scaled.jpg\",\"datePublished\":\"2022-09-26T07:39:00+00:00\",\"description\":\"Ya hab\u00e9is decidido alquilar un autocar para vuestro pr\u00f3ximo viaje en grupo, pero, \u00bfqu\u00e9 factores deb\u00e9is tener en cuenta antes de hacerlo?\",\"breadcrumb\":{\"@id\":\"https:\\\/\\\/autocarsbarcelona.es\\\/viajes-en-autocar\\\/factores-tener-cuenta-alquilar-autocar\\\/#breadcrumb\"},\"inLanguage\":\"ca\",\"potentialAction\":[{\"@type\":\"ReadAction\",\"target\":[\"https:\\\/\\\/autocarsbarcelona.es\\\/viajes-en-autocar\\\/factores-tener-cuenta-alquilar-autocar\\\/\"]}]},{\"@type\":\"ImageObject\",\"inLanguage\":\"ca\",\"@id\":\"https:\\\/\\\/autocarsbarcelona.es\\\/viajes-en-autocar\\\/factores-tener-cuenta-alquilar-autocar\\\/#primaryimage\",\"url\":\"https:\\\/\\\/autocarsbarcelona.es\\\/wp-content\\\/uploads\\\/2020\\\/09\\\/Autobuses_Bernabe_Web37-1-scaled.jpg\",\"contentUrl\":\"https:\\\/\\\/autocarsbarcelona.es\\\/wp-content\\\/uploads\\\/2020\\\/09\\\/Autobuses_Bernabe_Web37-1-scaled.jpg\",\"width\":2560,\"height\":1440},{\"@type\":\"BreadcrumbList\",\"@id\":\"https:\\\/\\\/autocarsbarcelona.es\\\/viajes-en-autocar\\\/factores-tener-cuenta-alquilar-autocar\\\/#breadcrumb\",\"itemListElement\":[{\"@type\":\"ListItem\",\"position\":1,\"name\":\"Portada\",\"item\":\"https:\\\/\\\/autocarsbarcelona.es\\\/\"},{\"@type\":\"ListItem\",\"position\":2,\"name\":\"Factores a tener en cuenta antes de alquilar un autocar\"}]},{\"@type\":\"WebSite\",\"@id\":\"https:\\\/\\\/autocarsbarcelona.es\\\/#website\",\"url\":\"https:\\\/\\\/autocarsbarcelona.es\\\/\",\"name\":\"Autocares Bernab\u00e9\",\"description\":\"Autocares Bernab\u00e9 Barcelona - Especialistas en alquiler de autocares para transporte escolar\",\"publisher\":{\"@id\":\"https:\\\/\\\/autocarsbarcelona.es\\\/#organization\"},\"potentialAction\":[{\"@type\":\"SearchAction\",\"target\":{\"@type\":\"EntryPoint\",\"urlTemplate\":\"https:\\\/\\\/autocarsbarcelona.es\\\/?s={search_term_string}\"},\"query-input\":{\"@type\":\"PropertyValueSpecification\",\"valueRequired\":true,\"valueName\":\"search_term_string\"}}],\"inLanguage\":\"ca\"},{\"@type\":\"Organization\",\"@id\":\"https:\\\/\\\/autocarsbarcelona.es\\\/#organization\",\"name\":\"Autocares Bernab\u00e9\",\"url\":\"https:\\\/\\\/autocarsbarcelona.es\\\/\",\"logo\":{\"@type\":\"ImageObject\",\"inLanguage\":\"ca\",\"@id\":\"https:\\\/\\\/autocarsbarcelona.es\\\/#\\\/schema\\\/logo\\\/image\\\/\",\"url\":\"https:\\\/\\\/autocarsbarcelona.es\\\/wp-content\\\/uploads\\\/2019\\\/11\\\/logo_bernabe_retina.png\",\"contentUrl\":\"https:\\\/\\\/autocarsbarcelona.es\\\/wp-content\\\/uploads\\\/2019\\\/11\\\/logo_bernabe_retina.png\",\"width\":240,\"height\":70,\"caption\":\"Autocares Bernab\u00e9\"},\"image\":{\"@id\":\"https:\\\/\\\/autocarsbarcelona.es\\\/#\\\/schema\\\/logo\\\/image\\\/\"},\"sameAs\":[\"https:\\\/\\\/www.facebook.com\\\/autocaresbernabe\",\"https:\\\/\\\/x.com\\\/AutocarBernabe\",\"https:\\\/\\\/www.instagram.com\\\/autocaresbernabe\\\/\"]},{\"@type\":\"Person\",\"@id\":\"https:\\\/\\\/autocarsbarcelona.es\\\/#\\\/schema\\\/person\\\/aa19e0bac2e45a33e1c9974c91669ec3\",\"name\":\"Autocares Bernab\u00e9\",\"image\":{\"@type\":\"ImageObject\",\"inLanguage\":\"ca\",\"@id\":\"https:\\\/\\\/secure.gravatar.com\\\/avatar\\\/5e600b355a69b695181594ca8198aac163cea01958e64d58a7c24091e82a4f3f?s=96&d=mm&r=g\",\"url\":\"https:\\\/\\\/secure.gravatar.com\\\/avatar\\\/5e600b355a69b695181594ca8198aac163cea01958e64d58a7c24091e82a4f3f?s=96&d=mm&r=g\",\"contentUrl\":\"https:\\\/\\\/secure.gravatar.com\\\/avatar\\\/5e600b355a69b695181594ca8198aac163cea01958e64d58a7c24091e82a4f3f?s=96&d=mm&r=g\",\"caption\":\"Autocares Bernab\u00e9\"},\"sameAs\":[\"https:\\\/\\\/autocarsbarcelona.es\\\/\"]}]}<\/script>\n<!-- \/ Yoast SEO plugin. -->","yoast_head_json":{"title":"Factores a tener en cuenta antes de alquilar un autocar","description":"Ya hab\u00e9is decidido alquilar un autocar para vuestro pr\u00f3ximo viaje en grupo, pero, \u00bfqu\u00e9 factores deb\u00e9is tener en cuenta antes de hacerlo?","robots":{"index":"index","follow":"follow","max-snippet":"max-snippet:-1","max-image-preview":"max-image-preview:large","max-video-preview":"max-video-preview:-1"},"canonical":"https:\/\/autocarsbarcelona.es\/ca\/viajes-en-autocar\/factores-tener-cuenta-alquilar-autocar\/","og_locale":"ca_ES","og_type":"article","og_title":"Factores a tener en cuenta antes de alquilar un autocar","og_description":"Ya hab\u00e9is decidido alquilar un autocar para vuestro pr\u00f3ximo viaje en grupo, pero, \u00bfqu\u00e9 factores deb\u00e9is tener en cuenta antes de hacerlo?","og_url":"https:\/\/autocarsbarcelona.es\/ca\/viajes-en-autocar\/factores-tener-cuenta-alquilar-autocar\/","og_site_name":"Autocares Bernab\u00e9 - Alquiler de autocares en Barcelona","article_publisher":"https:\/\/www.facebook.com\/autocaresbernabe","article_published_time":"2022-09-26T07:39:00+00:00","og_image":[{"width":2560,"height":1440,"url":"https:\/\/autocarsbarcelona.es\/wp-content\/uploads\/2020\/09\/Autobuses_Bernabe_Web37-1-scaled.jpg","type":"image\/jpeg"}],"author":"Autocares Bernab\u00e9","twitter_card":"summary_large_image","twitter_creator":"@AutocarBernabe","twitter_site":"@AutocarBernabe","twitter_misc":{"Escrit per":"Autocares Bernab\u00e9","Temps estimat de lectura":"4 minuts"},"schema":{"@context":"https:\/\/schema.org","@graph":[{"@type":"Article","@id":"https:\/\/autocarsbarcelona.es\/viajes-en-autocar\/factores-tener-cuenta-alquilar-autocar\/#article","isPartOf":{"@id":"https:\/\/autocarsbarcelona.es\/viajes-en-autocar\/factores-tener-cuenta-alquilar-autocar\/"},"author":{"name":"Autocares Bernab\u00e9","@id":"https:\/\/autocarsbarcelona.es\/#\/schema\/person\/aa19e0bac2e45a33e1c9974c91669ec3"},"headline":"Factores a tener en cuenta antes de alquilar un autocar","datePublished":"2022-09-26T07:39:00+00:00","mainEntityOfPage":{"@id":"https:\/\/autocarsbarcelona.es\/viajes-en-autocar\/factores-tener-cuenta-alquilar-autocar\/"},"wordCount":743,"commentCount":0,"publisher":{"@id":"https:\/\/autocarsbarcelona.es\/#organization"},"image":{"@id":"https:\/\/autocarsbarcelona.es\/viajes-en-autocar\/factores-tener-cuenta-alquilar-autocar\/#primaryimage"},"thumbnailUrl":"https:\/\/autocarsbarcelona.es\/wp-content\/uploads\/2020\/09\/Autobuses_Bernabe_Web37-1-scaled.jpg","articleSection":["Viajes en autocar"],"inLanguage":"ca","potentialAction":[{"@type":"CommentAction","name":"Comment","target":["https:\/\/autocarsbarcelona.es\/viajes-en-autocar\/factores-tener-cuenta-alquilar-autocar\/#respond"]}]},{"@type":"WebPage","@id":"https:\/\/autocarsbarcelona.es\/viajes-en-autocar\/factores-tener-cuenta-alquilar-autocar\/","url":"https:\/\/autocarsbarcelona.es\/viajes-en-autocar\/factores-tener-cuenta-alquilar-autocar\/","name":"Factores a tener en cuenta antes de alquilar un autocar","isPartOf":{"@id":"https:\/\/autocarsbarcelona.es\/#website"},"primaryImageOfPage":{"@id":"https:\/\/autocarsbarcelona.es\/viajes-en-autocar\/factores-tener-cuenta-alquilar-autocar\/#primaryimage"},"image":{"@id":"https:\/\/autocarsbarcelona.es\/viajes-en-autocar\/factores-tener-cuenta-alquilar-autocar\/#primaryimage"},"thumbnailUrl":"https:\/\/autocarsbarcelona.es\/wp-content\/uploads\/2020\/09\/Autobuses_Bernabe_Web37-1-scaled.jpg","datePublished":"2022-09-26T07:39:00+00:00","description":"Ya hab\u00e9is decidido alquilar un autocar para vuestro pr\u00f3ximo viaje en grupo, pero, \u00bfqu\u00e9 factores deb\u00e9is tener en cuenta antes de hacerlo?","breadcrumb":{"@id":"https:\/\/autocarsbarcelona.es\/viajes-en-autocar\/factores-tener-cuenta-alquilar-autocar\/#breadcrumb"},"inLanguage":"ca","potentialAction":[{"@type":"ReadAction","target":["https:\/\/autocarsbarcelona.es\/viajes-en-autocar\/factores-tener-cuenta-alquilar-autocar\/"]}]},{"@type":"ImageObject","inLanguage":"ca","@id":"https:\/\/autocarsbarcelona.es\/viajes-en-autocar\/factores-tener-cuenta-alquilar-autocar\/#primaryimage","url":"https:\/\/autocarsbarcelona.es\/wp-content\/uploads\/2020\/09\/Autobuses_Bernabe_Web37-1-scaled.jpg","contentUrl":"https:\/\/autocarsbarcelona.es\/wp-content\/uploads\/2020\/09\/Autobuses_Bernabe_Web37-1-scaled.jpg","width":2560,"height":1440},{"@type":"BreadcrumbList","@id":"https:\/\/autocarsbarcelona.es\/viajes-en-autocar\/factores-tener-cuenta-alquilar-autocar\/#breadcrumb","itemListElement":[{"@type":"ListItem","position":1,"name":"Portada","item":"https:\/\/autocarsbarcelona.es\/"},{"@type":"ListItem","position":2,"name":"Factores a tener en cuenta antes de alquilar un autocar"}]},{"@type":"WebSite","@id":"https:\/\/autocarsbarcelona.es\/#website","url":"https:\/\/autocarsbarcelona.es\/","name":"Autocares Bernab\u00e9","description":"Autocares Bernab\u00e9 Barcelona - Especialistas en alquiler de autocares para transporte escolar","publisher":{"@id":"https:\/\/autocarsbarcelona.es\/#organization"},"potentialAction":[{"@type":"SearchAction","target":{"@type":"EntryPoint","urlTemplate":"https:\/\/autocarsbarcelona.es\/?s={search_term_string}"},"query-input":{"@type":"PropertyValueSpecification","valueRequired":true,"valueName":"search_term_string"}}],"inLanguage":"ca"},{"@type":"Organization","@id":"https:\/\/autocarsbarcelona.es\/#organization","name":"Autocares Bernab\u00e9","url":"https:\/\/autocarsbarcelona.es\/","logo":{"@type":"ImageObject","inLanguage":"ca","@id":"https:\/\/autocarsbarcelona.es\/#\/schema\/logo\/image\/","url":"https:\/\/autocarsbarcelona.es\/wp-content\/uploads\/2019\/11\/logo_bernabe_retina.png","contentUrl":"https:\/\/autocarsbarcelona.es\/wp-content\/uploads\/2019\/11\/logo_bernabe_retina.png","width":240,"height":70,"caption":"Autocares Bernab\u00e9"},"image":{"@id":"https:\/\/autocarsbarcelona.es\/#\/schema\/logo\/image\/"},"sameAs":["https:\/\/www.facebook.com\/autocaresbernabe","https:\/\/x.com\/AutocarBernabe","https:\/\/www.instagram.com\/autocaresbernabe\/"]},{"@type":"Person","@id":"https:\/\/autocarsbarcelona.es\/#\/schema\/person\/aa19e0bac2e45a33e1c9974c91669ec3","name":"Autocares Bernab\u00e9","image":{"@type":"ImageObject","inLanguage":"ca","@id":"https:\/\/secure.gravatar.com\/avatar\/5e600b355a69b695181594ca8198aac163cea01958e64d58a7c24091e82a4f3f?s=96&d=mm&r=g","url":"https:\/\/secure.gravatar.com\/avatar\/5e600b355a69b695181594ca8198aac163cea01958e64d58a7c24091e82a4f3f?s=96&d=mm&r=g","contentUrl":"https:\/\/secure.gravatar.com\/avatar\/5e600b355a69b695181594ca8198aac163cea01958e64d58a7c24091e82a4f3f?s=96&d=mm&r=g","caption":"Autocares Bernab\u00e9"},"sameAs":["https:\/\/autocarsbarcelona.es\/"]}]}},"jetpack_featured_media_url":"https:\/\/autocarsbarcelona.es\/wp-content\/uploads\/2020\/09\/Autobuses_Bernabe_Web37-1-scaled.jpg","_links":{"self":[{"href":"https:\/\/autocarsbarcelona.es\/ca\/wp-json\/wp\/v2\/posts\/15252","targetHints":{"allow":["GET"]}}],"collection":[{"href":"https:\/\/autocarsbarcelona.es\/ca\/wp-json\/wp\/v2\/posts"}],"about":[{"href":"https:\/\/autocarsbarcelona.es\/ca\/wp-json\/wp\/v2\/types\/post"}],"author":[{"embeddable":true,"href":"https:\/\/autocarsbarcelona.es\/ca\/wp-json\/wp\/v2\/users\/2"}],"replies":[{"embeddable":true,"href":"https:\/\/autocarsbarcelona.es\/ca\/wp-json\/wp\/v2\/comments?post=15252"}],"version-history":[{"count":1,"href":"https:\/\/autocarsbarcelona.es\/ca\/wp-json\/wp\/v2\/posts\/15252\/revisions"}],"predecessor-version":[{"id":15253,"href":"https:\/\/autocarsbarcelona.es\/ca\/wp-json\/wp\/v2\/posts\/15252\/revisions\/15253"}],"wp:featuredmedia":[{"embeddable":true,"href":"https:\/\/autocarsbarcelona.es\/ca\/wp-json\/wp\/v2\/media\/14664"}],"wp:attachment":[{"href":"https:\/\/autocarsbarcelona.es\/ca\/wp-json\/wp\/v2\/media?parent=15252"}],"wp:term":[{"taxonomy":"category","embeddable":true,"href":"https:\/\/autocarsbarcelona.es\/ca\/wp-json\/wp\/v2\/categories?post=15252"},{"taxonomy":"post_tag","embeddable":true,"href":"https:\/\/autocarsbarcelona.es\/ca\/wp-json\/wp\/v2\/tags?post=15252"}],"curies":[{"name":"wp","href":"https:\/\/api.w.org\/{rel}","templated":true}]}}