{"id":15170,"date":"2022-01-31T09:00:00","date_gmt":"2022-01-31T08:00:00","guid":{"rendered":"https:\/\/autocarsbarcelona.es\/?p=15170"},"modified":"2022-01-30T10:37:51","modified_gmt":"2022-01-30T09:37:51","slug":"alquilar-autocar-esquiar","status":"publish","type":"post","link":"https:\/\/autocarsbarcelona.es\/ca\/viajes-en-autocar\/alquilar-autocar-esquiar\/","title":{"rendered":"Por qu\u00e9 alquilar un autocar para ir a esquiar"},"content":{"rendered":"<div data-elementor-type=\"wp-post\" data-elementor-id=\"15170\" class=\"elementor elementor-15170\">\n\t\t\t\t\t\t<section class=\"elementor-section elementor-top-section elementor-element elementor-element-34d0c7aa elementor-section-boxed elementor-section-height-default elementor-section-height-default\" data-id=\"34d0c7aa\" data-element_type=\"section\" data-e-type=\"section\">\n\t\t\t\t\t\t<div class=\"elementor-container elementor-column-gap-default\">\n\t\t\t\t\t<div class=\"elementor-column elementor-col-100 elementor-top-column elementor-element elementor-element-191e7d33\" data-id=\"191e7d33\" data-element_type=\"column\" data-e-type=\"column\">\n\t\t\t<div class=\"elementor-widget-wrap elementor-element-populated\">\n\t\t\t\t\t\t<div class=\"elementor-element elementor-element-2ac1a82b elementor-widget elementor-widget-text-editor\" data-id=\"2ac1a82b\" data-element_type=\"widget\" data-e-type=\"widget\" data-widget_type=\"text-editor.default\">\n\t\t\t\t<div class=\"elementor-widget-container\">\n\t\t\t\t\t\t\t\t\t<p><\/p>\n<p>Tenemos muchas opciones disponibles para preparar un viaje, pero muy pocas pueden compararse con la aventura repleta de adrenalina que nos ofrece un viaje a la nieve. Tanto si se trata de un viaje para un grupo escolar, como universitario, una actividad corporativa o incluso un viaje en grupo con familiares o amigos, las estaciones de esqu\u00ed son una experiencia que vale mucho la pena y que puede ser todo un \u00e9xito entre gente de todas las edades y personalidades.<\/p>\n<p><\/p>\n<p><\/p>\n<p>Planificar el viaje perfecto para ir a esquiar puede ser una <b>experiencia estresante si tenemos en cuenta que toca coordinar el viaje con un grupo numeroso de personas<\/b>. En Autocares Bernab\u00e9 podemos ayudarte a reducir un poco ese estr\u00e9s ofreci\u00e9ndote unas soluciones de transporte rentables para que tu grupo viaje de forma segura.<\/p>\n<p><\/p>\n<p><\/p>\n<p><strong>Ofrecemos un servicio de alquiler de autocares para viajar a la nieve seguro y fiable<\/strong><\/p>\n<p>Adem\u00e1s de la posibilidad de esquiar, en las estaciones de esqu\u00ed hay muchas m\u00e1s actividades disponibles como el snowboard, las zonas para tirarse en trineo e incluso los viajes en trineos tirados por perros. Antes de lanzarte a las pistas, es importante planificar qu\u00e9 actividades vais a realizar, el presupuesto de cada una de ellas y la duraci\u00f3n para evitar problemas inesperados. No olvides planificar tambi\u00e9n los horarios de las comidas y los descansos, las actividades en la nieve suelen ser agotadoras para la mayor\u00eda de las personas y no hay nada mejor que descansar tomando una taza de chocolate o caldo caliente para recuperar fuerzas para la siguiente actividad.<\/p>\n<p><\/p>\n<p><\/p>\n<p><\/p>\t\t\t\t\t\t\t\t<\/div>\n\t\t\t\t<\/div>\n\t\t\t\t<div class=\"elementor-element elementor-element-9283f23 elementor-widget elementor-widget-image\" data-id=\"9283f23\" data-element_type=\"widget\" data-e-type=\"widget\" data-widget_type=\"image.default\">\n\t\t\t\t<div class=\"elementor-widget-container\">\n\t\t\t\t\t\t\t\t\t\t\t\t\t\t\t<img fetchpriority=\"high\" decoding=\"async\" width=\"1024\" height=\"683\" src=\"https:\/\/autocarsbarcelona.es\/wp-content\/uploads\/2022\/01\/alquilar-autocar-esquiar-molina-1024x683.jpg\" class=\"attachment-large size-large wp-image-15174\" alt=\"\" data-responsive-images=\"false\" \/>\t\t\t\t\t\t\t\t\t\t\t\t\t\t\t<\/div>\n\t\t\t\t<\/div>\n\t\t\t\t<div class=\"elementor-element elementor-element-62dd178 elementor-widget elementor-widget-heading\" data-id=\"62dd178\" data-element_type=\"widget\" data-e-type=\"widget\" data-widget_type=\"heading.default\">\n\t\t\t\t<div class=\"elementor-widget-container\">\n\t\t\t\t\t<h2 class=\"elementor-heading-title elementor-size-default\">1. Viajes de empresa<\/h2>\t\t\t\t<\/div>\n\t\t\t\t<\/div>\n\t\t\t\t<div class=\"elementor-element elementor-element-7bdd904 elementor-widget elementor-widget-text-editor\" data-id=\"7bdd904\" data-element_type=\"widget\" data-e-type=\"widget\" data-widget_type=\"text-editor.default\">\n\t\t\t\t<div class=\"elementor-widget-container\">\n\t\t\t\t\t\t\t\t\t<p>Encontrar el equilibrio entre la salud mental y la vida laboral puede ser complicado incluso cuando trabajas en lo que m\u00e1s te gusta. Hasta los eventos corporativos m\u00e1s peque\u00f1os como una cena o una fiesta en la oficina pueden ser un momento perfecto para aliviar el estr\u00e9s y conectar con tus compa\u00f1eros.<\/p>\n<p>Los programas de incentivos de viajes aumentan en un 18% la <b>productividad en el trabajo<\/b>. Un viaje a la nieve es perfecto para que los trabajadores aligeren el estr\u00e9s relacionado con el trabajo y para que compartan tiempo juntos. Los viajes de un d\u00eda a la nueve suelen ser una soluci\u00f3n perfecta para los eventos corporativos, sobre todo en invierno, cuando las estaciones de esqu\u00ed cerca de Barcelona est\u00e1n en pleno apogeo.<\/p>\t\t\t\t\t\t\t\t<\/div>\n\t\t\t\t<\/div>\n\t\t\t\t<div class=\"elementor-element elementor-element-3cdaa58 elementor-widget elementor-widget-heading\" data-id=\"3cdaa58\" data-element_type=\"widget\" data-e-type=\"widget\" data-widget_type=\"heading.default\">\n\t\t\t\t<div class=\"elementor-widget-container\">\n\t\t\t\t\t<h2 class=\"elementor-heading-title elementor-size-default\">2. Viajes escolares<\/h2>\t\t\t\t<\/div>\n\t\t\t\t<\/div>\n\t\t\t\t<div class=\"elementor-element elementor-element-b7377f7 elementor-widget elementor-widget-text-editor\" data-id=\"b7377f7\" data-element_type=\"widget\" data-e-type=\"widget\" data-widget_type=\"text-editor.default\">\n\t\t\t\t<div class=\"elementor-widget-container\">\n\t\t\t\t\t\t\t\t\t<p>Preparar un viaje con el colegio puede ser estresante para cualquier profesor, por muchos a\u00f1os de experiencia que tengan acumulados. Nuestros conductores profesionales y nuestro r\u00e1pido servicio de reservas te ayudar\u00e1 a organizar un viaje a la nieve con el colegio de forma r\u00e1pida y sencilla.<\/p>\n<p>Tanto si los estudiantes son recientes adolescentes, como si te toca organizar un viaje de fin de curso del instituto, <b>viajar con Autocares Bernab\u00e9 hasta las pistas de esqu\u00ed te permitir\u00e1 disfrutar del paisaje y de la experiencia<\/b>.<\/p>\t\t\t\t\t\t\t\t<\/div>\n\t\t\t\t<\/div>\n\t\t\t\t<div class=\"elementor-element elementor-element-c0682db elementor-widget elementor-widget-heading\" data-id=\"c0682db\" data-element_type=\"widget\" data-e-type=\"widget\" data-widget_type=\"heading.default\">\n\t\t\t\t<div class=\"elementor-widget-container\">\n\t\t\t\t\t<h2 class=\"elementor-heading-title elementor-size-default\">3. Grupos privados<\/h2>\t\t\t\t<\/div>\n\t\t\t\t<\/div>\n\t\t\t\t<div class=\"elementor-element elementor-element-d225054 elementor-widget elementor-widget-text-editor\" data-id=\"d225054\" data-element_type=\"widget\" data-e-type=\"widget\" data-widget_type=\"text-editor.default\">\n\t\t\t\t<div class=\"elementor-widget-container\">\n\t\t\t\t\t\t\t\t\t<p>Re\u00fane a un grupo de amigos para pasar un fin de semana en la nieve o prepara una sorpresa para vuestra pr\u00f3xima reuni\u00f3n familiar con un viaje inesperado. Nuestro personal trabajar\u00e1 contigo para definir el transporte que necesitas en funci\u00f3n del itinerario del grupo y de sus necesidades.<\/p>\n<p>Viajar juntos para conquistar las monta\u00f1as ser\u00e1 una experiencia \u00fanica y emocionante para tu grupo. Y t\u00fa podr\u00e1s descansar sabiendo que est\u00e1is viajando de forma segura en uno de nuestros autocares para dedicarte en exclusiva a crear unos recuerdos inolvidables junto a qui\u00e9nes m\u00e1s quieres.<\/p>\n<p><b>Si te apetece viajar a <a href=\"https:\/\/www.lamolina.cat\/hivern\/\">La Molina<\/a>, La Masella o incluso a cualquiera de las estaciones de esqu\u00ed de Andorra, desde Autocares Bernab\u00e9 estaremos encantados de acompa\u00f1arte en esta nueva aventura<\/b>.<\/p>\n<p>Sabemos que planificar el transporte hasta el destino sin problemas y con todo controlado puede ser todo un reto; por eso podemos ofrecerte opciones personalizadas para tu grupo.<\/p>\n<p>Nuestra misi\u00f3n es ofrecer un transporte seguro y fiable y nos encantar\u00e1 disfrutar del viaje a la estaci\u00f3n de esqu\u00ed que elijas acompa\u00f1\u00e1ndoos en esta aventura invernal.<\/p>\t\t\t\t\t\t\t\t<\/div>\n\t\t\t\t<\/div>\n\t\t\t\t\t<\/div>\n\t\t<\/div>\n\t\t\t\t\t<\/div>\n\t\t<\/section>\n\t\t\t\t<\/div>","protected":false},"excerpt":{"rendered":"<p>Tenemos muchas opciones disponibles para preparar un viaje, pero muy pocas pueden compararse con la aventura repleta de adrenalina que nos ofrece un viaje a la nieve. Tanto si se trata de un viaje para un grupo escolar, como universitario, una actividad corporativa o incluso un viaje en grupo con familiares o amigos, las estaciones [&hellip;]<\/p>\n","protected":false},"author":2,"featured_media":15173,"comment_status":"open","ping_status":"open","sticky":false,"template":"","format":"standard","meta":{"footnotes":""},"categories":[83],"tags":[],"class_list":["post-15170","post","type-post","status-publish","format-standard","has-post-thumbnail","hentry","category-viajes-en-autocar"],"yoast_head":"<!-- This site is optimized with the Yoast SEO plugin v27.3 - https:\/\/yoast.com\/product\/yoast-seo-wordpress\/ -->\n<title>Por qu\u00e9 alquilar un autocar para ir a esquiar - Autocares Bernab\u00e9<\/title>\n<meta name=\"description\" content=\"Por qu\u00e9 alquilar un autocar para ir a esquiar a las estaciones de esqu\u00ed m\u00e1s cercanas a Barcelona y qu\u00e9 tener en cuenta.\" \/>\n<meta name=\"robots\" content=\"index, follow, max-snippet:-1, max-image-preview:large, max-video-preview:-1\" \/>\n<link rel=\"canonical\" href=\"https:\/\/autocarsbarcelona.es\/ca\/viajes-en-autocar\/alquilar-autocar-esquiar\/\" \/>\n<meta property=\"og:locale\" content=\"ca_ES\" \/>\n<meta property=\"og:type\" content=\"article\" \/>\n<meta property=\"og:title\" content=\"Por qu\u00e9 alquilar un autocar para ir a esquiar - Autocares Bernab\u00e9\" \/>\n<meta property=\"og:description\" content=\"Por qu\u00e9 alquilar un autocar para ir a esquiar a las estaciones de esqu\u00ed m\u00e1s cercanas a Barcelona y qu\u00e9 tener en cuenta.\" \/>\n<meta property=\"og:url\" content=\"https:\/\/autocarsbarcelona.es\/ca\/viajes-en-autocar\/alquilar-autocar-esquiar\/\" \/>\n<meta property=\"og:site_name\" content=\"Autocares Bernab\u00e9 - Alquiler de autocares en Barcelona\" \/>\n<meta property=\"article:publisher\" content=\"https:\/\/www.facebook.com\/autocaresbernabe\" \/>\n<meta property=\"article:published_time\" content=\"2022-01-31T08:00:00+00:00\" \/>\n<meta property=\"og:image\" content=\"https:\/\/autocarsbarcelona.es\/wp-content\/uploads\/2022\/01\/alquilar-autocar-esquiar-masella-scaled.jpg\" \/>\n\t<meta property=\"og:image:width\" content=\"2560\" \/>\n\t<meta property=\"og:image:height\" content=\"1440\" \/>\n\t<meta property=\"og:image:type\" content=\"image\/jpeg\" \/>\n<meta name=\"author\" content=\"Autocares Bernab\u00e9\" \/>\n<meta name=\"twitter:card\" content=\"summary_large_image\" \/>\n<meta name=\"twitter:creator\" content=\"@AutocarBernabe\" \/>\n<meta name=\"twitter:site\" content=\"@AutocarBernabe\" \/>\n<meta name=\"twitter:label1\" content=\"Escrit per\" \/>\n\t<meta name=\"twitter:data1\" content=\"Autocares Bernab\u00e9\" \/>\n\t<meta name=\"twitter:label2\" content=\"Temps estimat de lectura\" \/>\n\t<meta name=\"twitter:data2\" content=\"4 minuts\" \/>\n<script type=\"application\/ld+json\" class=\"yoast-schema-graph\">{\"@context\":\"https:\\\/\\\/schema.org\",\"@graph\":[{\"@type\":\"Article\",\"@id\":\"https:\\\/\\\/autocarsbarcelona.es\\\/viajes-en-autocar\\\/alquilar-autocar-esquiar\\\/#article\",\"isPartOf\":{\"@id\":\"https:\\\/\\\/autocarsbarcelona.es\\\/viajes-en-autocar\\\/alquilar-autocar-esquiar\\\/\"},\"author\":{\"name\":\"Autocares Bernab\u00e9\",\"@id\":\"https:\\\/\\\/autocarsbarcelona.es\\\/#\\\/schema\\\/person\\\/aa19e0bac2e45a33e1c9974c91669ec3\"},\"headline\":\"Por qu\u00e9 alquilar un autocar para ir a esquiar\",\"datePublished\":\"2022-01-31T08:00:00+00:00\",\"mainEntityOfPage\":{\"@id\":\"https:\\\/\\\/autocarsbarcelona.es\\\/viajes-en-autocar\\\/alquilar-autocar-esquiar\\\/\"},\"wordCount\":692,\"commentCount\":0,\"publisher\":{\"@id\":\"https:\\\/\\\/autocarsbarcelona.es\\\/#organization\"},\"image\":{\"@id\":\"https:\\\/\\\/autocarsbarcelona.es\\\/viajes-en-autocar\\\/alquilar-autocar-esquiar\\\/#primaryimage\"},\"thumbnailUrl\":\"https:\\\/\\\/autocarsbarcelona.es\\\/wp-content\\\/uploads\\\/2022\\\/01\\\/alquilar-autocar-esquiar-masella-scaled.jpg\",\"articleSection\":[\"Viajes en autocar\"],\"inLanguage\":\"ca\",\"potentialAction\":[{\"@type\":\"CommentAction\",\"name\":\"Comment\",\"target\":[\"https:\\\/\\\/autocarsbarcelona.es\\\/viajes-en-autocar\\\/alquilar-autocar-esquiar\\\/#respond\"]}]},{\"@type\":\"WebPage\",\"@id\":\"https:\\\/\\\/autocarsbarcelona.es\\\/viajes-en-autocar\\\/alquilar-autocar-esquiar\\\/\",\"url\":\"https:\\\/\\\/autocarsbarcelona.es\\\/viajes-en-autocar\\\/alquilar-autocar-esquiar\\\/\",\"name\":\"Por qu\u00e9 alquilar un autocar para ir a esquiar - Autocares Bernab\u00e9\",\"isPartOf\":{\"@id\":\"https:\\\/\\\/autocarsbarcelona.es\\\/#website\"},\"primaryImageOfPage\":{\"@id\":\"https:\\\/\\\/autocarsbarcelona.es\\\/viajes-en-autocar\\\/alquilar-autocar-esquiar\\\/#primaryimage\"},\"image\":{\"@id\":\"https:\\\/\\\/autocarsbarcelona.es\\\/viajes-en-autocar\\\/alquilar-autocar-esquiar\\\/#primaryimage\"},\"thumbnailUrl\":\"https:\\\/\\\/autocarsbarcelona.es\\\/wp-content\\\/uploads\\\/2022\\\/01\\\/alquilar-autocar-esquiar-masella-scaled.jpg\",\"datePublished\":\"2022-01-31T08:00:00+00:00\",\"description\":\"Por qu\u00e9 alquilar un autocar para ir a esquiar a las estaciones de esqu\u00ed m\u00e1s cercanas a Barcelona y qu\u00e9 tener en cuenta.\",\"breadcrumb\":{\"@id\":\"https:\\\/\\\/autocarsbarcelona.es\\\/viajes-en-autocar\\\/alquilar-autocar-esquiar\\\/#breadcrumb\"},\"inLanguage\":\"ca\",\"potentialAction\":[{\"@type\":\"ReadAction\",\"target\":[\"https:\\\/\\\/autocarsbarcelona.es\\\/viajes-en-autocar\\\/alquilar-autocar-esquiar\\\/\"]}]},{\"@type\":\"ImageObject\",\"inLanguage\":\"ca\",\"@id\":\"https:\\\/\\\/autocarsbarcelona.es\\\/viajes-en-autocar\\\/alquilar-autocar-esquiar\\\/#primaryimage\",\"url\":\"https:\\\/\\\/autocarsbarcelona.es\\\/wp-content\\\/uploads\\\/2022\\\/01\\\/alquilar-autocar-esquiar-masella-scaled.jpg\",\"contentUrl\":\"https:\\\/\\\/autocarsbarcelona.es\\\/wp-content\\\/uploads\\\/2022\\\/01\\\/alquilar-autocar-esquiar-masella-scaled.jpg\",\"width\":2560,\"height\":1440},{\"@type\":\"BreadcrumbList\",\"@id\":\"https:\\\/\\\/autocarsbarcelona.es\\\/viajes-en-autocar\\\/alquilar-autocar-esquiar\\\/#breadcrumb\",\"itemListElement\":[{\"@type\":\"ListItem\",\"position\":1,\"name\":\"Portada\",\"item\":\"https:\\\/\\\/autocarsbarcelona.es\\\/\"},{\"@type\":\"ListItem\",\"position\":2,\"name\":\"Por qu\u00e9 alquilar un autocar para ir a esquiar\"}]},{\"@type\":\"WebSite\",\"@id\":\"https:\\\/\\\/autocarsbarcelona.es\\\/#website\",\"url\":\"https:\\\/\\\/autocarsbarcelona.es\\\/\",\"name\":\"Autocares Bernab\u00e9\",\"description\":\"Autocares Bernab\u00e9 Barcelona - Especialistas en alquiler de autocares para transporte escolar\",\"publisher\":{\"@id\":\"https:\\\/\\\/autocarsbarcelona.es\\\/#organization\"},\"potentialAction\":[{\"@type\":\"SearchAction\",\"target\":{\"@type\":\"EntryPoint\",\"urlTemplate\":\"https:\\\/\\\/autocarsbarcelona.es\\\/?s={search_term_string}\"},\"query-input\":{\"@type\":\"PropertyValueSpecification\",\"valueRequired\":true,\"valueName\":\"search_term_string\"}}],\"inLanguage\":\"ca\"},{\"@type\":\"Organization\",\"@id\":\"https:\\\/\\\/autocarsbarcelona.es\\\/#organization\",\"name\":\"Autocares Bernab\u00e9\",\"url\":\"https:\\\/\\\/autocarsbarcelona.es\\\/\",\"logo\":{\"@type\":\"ImageObject\",\"inLanguage\":\"ca\",\"@id\":\"https:\\\/\\\/autocarsbarcelona.es\\\/#\\\/schema\\\/logo\\\/image\\\/\",\"url\":\"https:\\\/\\\/autocarsbarcelona.es\\\/wp-content\\\/uploads\\\/2019\\\/11\\\/logo_bernabe_retina.png\",\"contentUrl\":\"https:\\\/\\\/autocarsbarcelona.es\\\/wp-content\\\/uploads\\\/2019\\\/11\\\/logo_bernabe_retina.png\",\"width\":240,\"height\":70,\"caption\":\"Autocares Bernab\u00e9\"},\"image\":{\"@id\":\"https:\\\/\\\/autocarsbarcelona.es\\\/#\\\/schema\\\/logo\\\/image\\\/\"},\"sameAs\":[\"https:\\\/\\\/www.facebook.com\\\/autocaresbernabe\",\"https:\\\/\\\/x.com\\\/AutocarBernabe\",\"https:\\\/\\\/www.instagram.com\\\/autocaresbernabe\\\/\"]},{\"@type\":\"Person\",\"@id\":\"https:\\\/\\\/autocarsbarcelona.es\\\/#\\\/schema\\\/person\\\/aa19e0bac2e45a33e1c9974c91669ec3\",\"name\":\"Autocares Bernab\u00e9\",\"image\":{\"@type\":\"ImageObject\",\"inLanguage\":\"ca\",\"@id\":\"https:\\\/\\\/secure.gravatar.com\\\/avatar\\\/5e600b355a69b695181594ca8198aac163cea01958e64d58a7c24091e82a4f3f?s=96&d=mm&r=g\",\"url\":\"https:\\\/\\\/secure.gravatar.com\\\/avatar\\\/5e600b355a69b695181594ca8198aac163cea01958e64d58a7c24091e82a4f3f?s=96&d=mm&r=g\",\"contentUrl\":\"https:\\\/\\\/secure.gravatar.com\\\/avatar\\\/5e600b355a69b695181594ca8198aac163cea01958e64d58a7c24091e82a4f3f?s=96&d=mm&r=g\",\"caption\":\"Autocares Bernab\u00e9\"},\"sameAs\":[\"https:\\\/\\\/autocarsbarcelona.es\\\/\"]}]}<\/script>\n<!-- \/ Yoast SEO plugin. -->","yoast_head_json":{"title":"Por qu\u00e9 alquilar un autocar para ir a esquiar - Autocares Bernab\u00e9","description":"Por qu\u00e9 alquilar un autocar para ir a esquiar a las estaciones de esqu\u00ed m\u00e1s cercanas a Barcelona y qu\u00e9 tener en cuenta.","robots":{"index":"index","follow":"follow","max-snippet":"max-snippet:-1","max-image-preview":"max-image-preview:large","max-video-preview":"max-video-preview:-1"},"canonical":"https:\/\/autocarsbarcelona.es\/ca\/viajes-en-autocar\/alquilar-autocar-esquiar\/","og_locale":"ca_ES","og_type":"article","og_title":"Por qu\u00e9 alquilar un autocar para ir a esquiar - Autocares Bernab\u00e9","og_description":"Por qu\u00e9 alquilar un autocar para ir a esquiar a las estaciones de esqu\u00ed m\u00e1s cercanas a Barcelona y qu\u00e9 tener en cuenta.","og_url":"https:\/\/autocarsbarcelona.es\/ca\/viajes-en-autocar\/alquilar-autocar-esquiar\/","og_site_name":"Autocares Bernab\u00e9 - Alquiler de autocares en Barcelona","article_publisher":"https:\/\/www.facebook.com\/autocaresbernabe","article_published_time":"2022-01-31T08:00:00+00:00","og_image":[{"width":2560,"height":1440,"url":"https:\/\/autocarsbarcelona.es\/wp-content\/uploads\/2022\/01\/alquilar-autocar-esquiar-masella-scaled.jpg","type":"image\/jpeg"}],"author":"Autocares Bernab\u00e9","twitter_card":"summary_large_image","twitter_creator":"@AutocarBernabe","twitter_site":"@AutocarBernabe","twitter_misc":{"Escrit per":"Autocares Bernab\u00e9","Temps estimat de lectura":"4 minuts"},"schema":{"@context":"https:\/\/schema.org","@graph":[{"@type":"Article","@id":"https:\/\/autocarsbarcelona.es\/viajes-en-autocar\/alquilar-autocar-esquiar\/#article","isPartOf":{"@id":"https:\/\/autocarsbarcelona.es\/viajes-en-autocar\/alquilar-autocar-esquiar\/"},"author":{"name":"Autocares Bernab\u00e9","@id":"https:\/\/autocarsbarcelona.es\/#\/schema\/person\/aa19e0bac2e45a33e1c9974c91669ec3"},"headline":"Por qu\u00e9 alquilar un autocar para ir a esquiar","datePublished":"2022-01-31T08:00:00+00:00","mainEntityOfPage":{"@id":"https:\/\/autocarsbarcelona.es\/viajes-en-autocar\/alquilar-autocar-esquiar\/"},"wordCount":692,"commentCount":0,"publisher":{"@id":"https:\/\/autocarsbarcelona.es\/#organization"},"image":{"@id":"https:\/\/autocarsbarcelona.es\/viajes-en-autocar\/alquilar-autocar-esquiar\/#primaryimage"},"thumbnailUrl":"https:\/\/autocarsbarcelona.es\/wp-content\/uploads\/2022\/01\/alquilar-autocar-esquiar-masella-scaled.jpg","articleSection":["Viajes en autocar"],"inLanguage":"ca","potentialAction":[{"@type":"CommentAction","name":"Comment","target":["https:\/\/autocarsbarcelona.es\/viajes-en-autocar\/alquilar-autocar-esquiar\/#respond"]}]},{"@type":"WebPage","@id":"https:\/\/autocarsbarcelona.es\/viajes-en-autocar\/alquilar-autocar-esquiar\/","url":"https:\/\/autocarsbarcelona.es\/viajes-en-autocar\/alquilar-autocar-esquiar\/","name":"Por qu\u00e9 alquilar un autocar para ir a esquiar - Autocares Bernab\u00e9","isPartOf":{"@id":"https:\/\/autocarsbarcelona.es\/#website"},"primaryImageOfPage":{"@id":"https:\/\/autocarsbarcelona.es\/viajes-en-autocar\/alquilar-autocar-esquiar\/#primaryimage"},"image":{"@id":"https:\/\/autocarsbarcelona.es\/viajes-en-autocar\/alquilar-autocar-esquiar\/#primaryimage"},"thumbnailUrl":"https:\/\/autocarsbarcelona.es\/wp-content\/uploads\/2022\/01\/alquilar-autocar-esquiar-masella-scaled.jpg","datePublished":"2022-01-31T08:00:00+00:00","description":"Por qu\u00e9 alquilar un autocar para ir a esquiar a las estaciones de esqu\u00ed m\u00e1s cercanas a Barcelona y qu\u00e9 tener en cuenta.","breadcrumb":{"@id":"https:\/\/autocarsbarcelona.es\/viajes-en-autocar\/alquilar-autocar-esquiar\/#breadcrumb"},"inLanguage":"ca","potentialAction":[{"@type":"ReadAction","target":["https:\/\/autocarsbarcelona.es\/viajes-en-autocar\/alquilar-autocar-esquiar\/"]}]},{"@type":"ImageObject","inLanguage":"ca","@id":"https:\/\/autocarsbarcelona.es\/viajes-en-autocar\/alquilar-autocar-esquiar\/#primaryimage","url":"https:\/\/autocarsbarcelona.es\/wp-content\/uploads\/2022\/01\/alquilar-autocar-esquiar-masella-scaled.jpg","contentUrl":"https:\/\/autocarsbarcelona.es\/wp-content\/uploads\/2022\/01\/alquilar-autocar-esquiar-masella-scaled.jpg","width":2560,"height":1440},{"@type":"BreadcrumbList","@id":"https:\/\/autocarsbarcelona.es\/viajes-en-autocar\/alquilar-autocar-esquiar\/#breadcrumb","itemListElement":[{"@type":"ListItem","position":1,"name":"Portada","item":"https:\/\/autocarsbarcelona.es\/"},{"@type":"ListItem","position":2,"name":"Por qu\u00e9 alquilar un autocar para ir a esquiar"}]},{"@type":"WebSite","@id":"https:\/\/autocarsbarcelona.es\/#website","url":"https:\/\/autocarsbarcelona.es\/","name":"Autocares Bernab\u00e9","description":"Autocares Bernab\u00e9 Barcelona - Especialistas en alquiler de autocares para transporte escolar","publisher":{"@id":"https:\/\/autocarsbarcelona.es\/#organization"},"potentialAction":[{"@type":"SearchAction","target":{"@type":"EntryPoint","urlTemplate":"https:\/\/autocarsbarcelona.es\/?s={search_term_string}"},"query-input":{"@type":"PropertyValueSpecification","valueRequired":true,"valueName":"search_term_string"}}],"inLanguage":"ca"},{"@type":"Organization","@id":"https:\/\/autocarsbarcelona.es\/#organization","name":"Autocares Bernab\u00e9","url":"https:\/\/autocarsbarcelona.es\/","logo":{"@type":"ImageObject","inLanguage":"ca","@id":"https:\/\/autocarsbarcelona.es\/#\/schema\/logo\/image\/","url":"https:\/\/autocarsbarcelona.es\/wp-content\/uploads\/2019\/11\/logo_bernabe_retina.png","contentUrl":"https:\/\/autocarsbarcelona.es\/wp-content\/uploads\/2019\/11\/logo_bernabe_retina.png","width":240,"height":70,"caption":"Autocares Bernab\u00e9"},"image":{"@id":"https:\/\/autocarsbarcelona.es\/#\/schema\/logo\/image\/"},"sameAs":["https:\/\/www.facebook.com\/autocaresbernabe","https:\/\/x.com\/AutocarBernabe","https:\/\/www.instagram.com\/autocaresbernabe\/"]},{"@type":"Person","@id":"https:\/\/autocarsbarcelona.es\/#\/schema\/person\/aa19e0bac2e45a33e1c9974c91669ec3","name":"Autocares Bernab\u00e9","image":{"@type":"ImageObject","inLanguage":"ca","@id":"https:\/\/secure.gravatar.com\/avatar\/5e600b355a69b695181594ca8198aac163cea01958e64d58a7c24091e82a4f3f?s=96&d=mm&r=g","url":"https:\/\/secure.gravatar.com\/avatar\/5e600b355a69b695181594ca8198aac163cea01958e64d58a7c24091e82a4f3f?s=96&d=mm&r=g","contentUrl":"https:\/\/secure.gravatar.com\/avatar\/5e600b355a69b695181594ca8198aac163cea01958e64d58a7c24091e82a4f3f?s=96&d=mm&r=g","caption":"Autocares Bernab\u00e9"},"sameAs":["https:\/\/autocarsbarcelona.es\/"]}]}},"jetpack_featured_media_url":"https:\/\/autocarsbarcelona.es\/wp-content\/uploads\/2022\/01\/alquilar-autocar-esquiar-masella-scaled.jpg","_links":{"self":[{"href":"https:\/\/autocarsbarcelona.es\/ca\/wp-json\/wp\/v2\/posts\/15170","targetHints":{"allow":["GET"]}}],"collection":[{"href":"https:\/\/autocarsbarcelona.es\/ca\/wp-json\/wp\/v2\/posts"}],"about":[{"href":"https:\/\/autocarsbarcelona.es\/ca\/wp-json\/wp\/v2\/types\/post"}],"author":[{"embeddable":true,"href":"https:\/\/autocarsbarcelona.es\/ca\/wp-json\/wp\/v2\/users\/2"}],"replies":[{"embeddable":true,"href":"https:\/\/autocarsbarcelona.es\/ca\/wp-json\/wp\/v2\/comments?post=15170"}],"version-history":[{"count":5,"href":"https:\/\/autocarsbarcelona.es\/ca\/wp-json\/wp\/v2\/posts\/15170\/revisions"}],"predecessor-version":[{"id":15178,"href":"https:\/\/autocarsbarcelona.es\/ca\/wp-json\/wp\/v2\/posts\/15170\/revisions\/15178"}],"wp:featuredmedia":[{"embeddable":true,"href":"https:\/\/autocarsbarcelona.es\/ca\/wp-json\/wp\/v2\/media\/15173"}],"wp:attachment":[{"href":"https:\/\/autocarsbarcelona.es\/ca\/wp-json\/wp\/v2\/media?parent=15170"}],"wp:term":[{"taxonomy":"category","embeddable":true,"href":"https:\/\/autocarsbarcelona.es\/ca\/wp-json\/wp\/v2\/categories?post=15170"},{"taxonomy":"post_tag","embeddable":true,"href":"https:\/\/autocarsbarcelona.es\/ca\/wp-json\/wp\/v2\/tags?post=15170"}],"curies":[{"name":"wp","href":"https:\/\/api.w.org\/{rel}","templated":true}]}}